{"id":123422,"date":"2019-10-04T11:39:41","date_gmt":"2019-10-04T14:39:41","guid":{"rendered":"http:\/\/www.caririemacao.com\/1\/?p=123422"},"modified":"2019-10-04T11:39:41","modified_gmt":"2019-10-04T14:39:41","slug":"juiza-condena-dono-do-portal-tv-cariri-que-difamou-ricardo-coutinho","status":"publish","type":"post","link":"https:\/\/www.caririemacao.com\/1\/2019\/10\/04\/juiza-condena-dono-do-portal-tv-cariri-que-difamou-ricardo-coutinho\/","title":{"rendered":"Ju\u00edza condena dono do portal TV Cariri que difamou Ricardo Coutinho"},"content":{"rendered":"\n<p>A ju\u00edza do IV Juizado Especial da Capital, Fernanda Cavalcante de Fran\u00e7a Fraga, condenou Jos\u00e9 Ismar Bezerra de Santana, respons\u00e1vel pelo&nbsp;<a href=\"http:\/\/www.portaltvcariri.com.br\/\">www.portaltvcariri.com.br<\/a>, ao pagamento de uma multa de R$ 4.000,00 (quatro mil reais) a t\u00edtulo de indeniza\u00e7\u00e3o por danos morais, com juros de 1 por cento ao m\u00eas desde a data de 25 de mar\u00e7o do corrente ano (quando se deu a publica\u00e7\u00e3o), al\u00e9m da obriga\u00e7\u00e3o de retirar do ar a mat\u00e9ria ofensiva \u00e0 honra do ex-governador Ricardo Coutinho, de t\u00edtulo \u201cRicardo Coutinho recebeu seu sal\u00e1rio sem cumprir expediente na Universidade Federal da Para\u00edba\u201d.<\/p>\n\n\n\n<p>A ju\u00edza deu prazo de cinco dias para o portal deletar a mat\u00e9ria, sob pena de multa de R$ 6.000,00 (seis mil reais) em caso de descumprimento injustificado.<\/p>\n\n\n\n<p>Estabeleceu, a senten\u00e7a, que o condenado dever\u00e1 fazer o pagamento no prazo de 15 dias ap\u00f3s o tr\u00e2nsito em julgado, sob pena de pagamento de multa de 10 por cento sobre o valor da condena\u00e7\u00e3o.<\/p>\n\n\n\n<p>Esta \u00e9 apenas uma entre dezenas de senten\u00e7as a serem prolatadas sobre o assunto contra blogs e portais criados exclusivamente para combater, de forma rasteira e deplor\u00e1vel, a figura do ex-governador, na tentativa de inviabilizar sua carreira pol\u00edtica.<\/p>\n\n\n\n<p>Leia a senten\u00e7a na \u00edntegra:<\/p>\n\n\n\n<figure class=\"wp-block-image\"><img decoding=\"async\" data-src=\"https:\/\/www.blogdotiaolucena.com\/wp-content\/uploads\/2019\/10\/1-465x640.jpg\" alt=\"\" src=\"data:image\/svg+xml;base64,PHN2ZyB3aWR0aD0iMSIgaGVpZ2h0PSIxIiB4bWxucz0iaHR0cDovL3d3dy53My5vcmcvMjAwMC9zdmciPjwvc3ZnPg==\" class=\"lazyload\" style=\"--smush-placeholder-width: 465px; --smush-placeholder-aspect-ratio: 465\/640;\" \/><\/figure>\n\n\n\n<figure class=\"wp-block-image\"><img decoding=\"async\" data-src=\"https:\/\/www.blogdotiaolucena.com\/wp-content\/uploads\/2019\/10\/3-470x640.jpg\" alt=\"\" src=\"data:image\/svg+xml;base64,PHN2ZyB3aWR0aD0iMSIgaGVpZ2h0PSIxIiB4bWxucz0iaHR0cDovL3d3dy53My5vcmcvMjAwMC9zdmciPjwvc3ZnPg==\" class=\"lazyload\" style=\"--smush-placeholder-width: 470px; --smush-placeholder-aspect-ratio: 470\/640;\" \/><\/figure>\n\n\n\n<figure class=\"wp-block-image\"><img decoding=\"async\" data-src=\"https:\/\/www.blogdotiaolucena.com\/wp-content\/uploads\/2019\/10\/4-498x640.jpg\" alt=\"\" src=\"data:image\/svg+xml;base64,PHN2ZyB3aWR0aD0iMSIgaGVpZ2h0PSIxIiB4bWxucz0iaHR0cDovL3d3dy53My5vcmcvMjAwMC9zdmciPjwvc3ZnPg==\" class=\"lazyload\" style=\"--smush-placeholder-width: 498px; --smush-placeholder-aspect-ratio: 498\/640;\" \/><\/figure>\n\n\n\n<figure class=\"wp-block-image\"><img decoding=\"async\" data-src=\"https:\/\/www.blogdotiaolucena.com\/wp-content\/uploads\/2019\/10\/5-496x640.jpg\" alt=\"\" src=\"data:image\/svg+xml;base64,PHN2ZyB3aWR0aD0iMSIgaGVpZ2h0PSIxIiB4bWxucz0iaHR0cDovL3d3dy53My5vcmcvMjAwMC9zdmciPjwvc3ZnPg==\" class=\"lazyload\" style=\"--smush-placeholder-width: 496px; --smush-placeholder-aspect-ratio: 496\/640;\" \/><\/figure>\n\n\n\n<figure class=\"wp-block-image\"><img decoding=\"async\" data-src=\"https:\/\/www.blogdotiaolucena.com\/wp-content\/uploads\/2019\/10\/2-454x640.jpg\" alt=\"\" src=\"data:image\/svg+xml;base64,PHN2ZyB3aWR0aD0iMSIgaGVpZ2h0PSIxIiB4bWxucz0iaHR0cDovL3d3dy53My5vcmcvMjAwMC9zdmciPjwvc3ZnPg==\" class=\"lazyload\" style=\"--smush-placeholder-width: 454px; --smush-placeholder-aspect-ratio: 454\/640;\" \/><\/figure>\n\n\n\n<figure class=\"wp-block-image\"><img decoding=\"async\" data-src=\"https:\/\/www.blogdotiaolucena.com\/wp-content\/uploads\/2019\/10\/6-311x640.jpg\" alt=\"\" src=\"data:image\/svg+xml;base64,PHN2ZyB3aWR0aD0iMSIgaGVpZ2h0PSIxIiB4bWxucz0iaHR0cDovL3d3dy53My5vcmcvMjAwMC9zdmciPjwvc3ZnPg==\" class=\"lazyload\" style=\"--smush-placeholder-width: 311px; --smush-placeholder-aspect-ratio: 311\/640;\" \/><\/figure>\n\n\n\n<figure class=\"wp-block-image\"><img decoding=\"async\" data-src=\"https:\/\/www.blogdotiaolucena.com\/wp-content\/uploads\/2019\/10\/6-311x640.jpg\" alt=\"\" src=\"data:image\/svg+xml;base64,PHN2ZyB3aWR0aD0iMSIgaGVpZ2h0PSIxIiB4bWxucz0iaHR0cDovL3d3dy53My5vcmcvMjAwMC9zdmciPjwvc3ZnPg==\" class=\"lazyload\" style=\"--smush-placeholder-width: 311px; --smush-placeholder-aspect-ratio: 311\/640;\" \/><\/figure>\n","protected":false},"excerpt":{"rendered":"<p>A ju\u00edza do IV Juizado Especial da Capital, Fernanda Cavalcante de Fran\u00e7a Fraga, condenou Jos\u00e9 Ismar Bezerra de Santana, respons\u00e1vel pelo&nbsp;www.portaltvcariri.com.br, ao pagamento de uma&hellip; <\/p>\n","protected":false},"author":2,"featured_media":123425,"comment_status":"closed","ping_status":"closed","sticky":false,"template":"","format":"standard","meta":{"sfsi_plus_gutenberg_text_before_share":"","sfsi_plus_gutenberg_show_text_before_share":"","sfsi_plus_gutenberg_icon_type":"","sfsi_plus_gutenberg_icon_alignemt":"","sfsi_plus_gutenburg_max_per_row":"","footnotes":""},"categories":[50,2],"tags":[],"class_list":["post-123422","post","type-post","status-publish","format-standard","has-post-thumbnail","hentry","category-destaque","category-geral"],"_links":{"self":[{"href":"https:\/\/www.caririemacao.com\/1\/wp-json\/wp\/v2\/posts\/123422","targetHints":{"allow":["GET"]}}],"collection":[{"href":"https:\/\/www.caririemacao.com\/1\/wp-json\/wp\/v2\/posts"}],"about":[{"href":"https:\/\/www.caririemacao.com\/1\/wp-json\/wp\/v2\/types\/post"}],"author":[{"embeddable":true,"href":"https:\/\/www.caririemacao.com\/1\/wp-json\/wp\/v2\/users\/2"}],"replies":[{"embeddable":true,"href":"https:\/\/www.caririemacao.com\/1\/wp-json\/wp\/v2\/comments?post=123422"}],"version-history":[{"count":1,"href":"https:\/\/www.caririemacao.com\/1\/wp-json\/wp\/v2\/posts\/123422\/revisions"}],"predecessor-version":[{"id":123426,"href":"https:\/\/www.caririemacao.com\/1\/wp-json\/wp\/v2\/posts\/123422\/revisions\/123426"}],"wp:featuredmedia":[{"embeddable":true,"href":"https:\/\/www.caririemacao.com\/1\/wp-json\/wp\/v2\/media\/123425"}],"wp:attachment":[{"href":"https:\/\/www.caririemacao.com\/1\/wp-json\/wp\/v2\/media?parent=123422"}],"wp:term":[{"taxonomy":"category","embeddable":true,"href":"https:\/\/www.caririemacao.com\/1\/wp-json\/wp\/v2\/categories?post=123422"},{"taxonomy":"post_tag","embeddable":true,"href":"https:\/\/www.caririemacao.com\/1\/wp-json\/wp\/v2\/tags?post=123422"}],"curies":[{"name":"wp","href":"https:\/\/api.w.org\/{rel}","templated":true}]}}