{"id":123497,"date":"2019-10-05T06:30:53","date_gmt":"2019-10-05T09:30:53","guid":{"rendered":"http:\/\/www.caririemacao.com\/1\/?p=123497"},"modified":"2019-10-05T06:30:53","modified_gmt":"2019-10-05T09:30:53","slug":"governo-de-camalau-realiza-acoes-de-aracao-de-terra-construcao-de-barragens-e-passagens-no-rio-com-maquinario-da-prefeitura-veja-video","status":"publish","type":"post","link":"https:\/\/www.caririemacao.com\/1\/2019\/10\/05\/governo-de-camalau-realiza-acoes-de-aracao-de-terra-construcao-de-barragens-e-passagens-no-rio-com-maquinario-da-prefeitura-veja-video\/","title":{"rendered":"Governo de Camala\u00fa realiza a\u00e7\u00f5es de ara\u00e7\u00e3o de terra, constru\u00e7\u00e3o de barragens e passagens no Rio, com maquin\u00e1rio da Prefeitura. Veja v\u00eddeo"},"content":{"rendered":"\n<p>A prefeitura Municipal de Camala\u00fa tem realizado obras estruturantes em todo o munic\u00edpio.<br>Esta semana, por determina\u00e7\u00e3o do prefeito Sandro M\u00f4co, a secretaria de agricultura e infraestrutura esteve realizando a constru\u00e7\u00e3o de uma passagem para ve\u00edculos de grande porte na altura em que o rio corta o S\u00edtio salgadinho.<br>A obra foi realizada com o maquin\u00e1rio, que no atual governo est\u00e1 sempre \u00e0 disposi\u00e7\u00e3o de a\u00e7\u00f5es que possam vir a beneficiar a comunidade camalauense.<\/p>\n\n\n\n<p>Confira o v\u00eddeo:<\/p>\n\n\n\n<p><\/p>\n\n\n\n<figure><iframe allowfullscreen=\"true\" height=\"476\" data-src=\"https:\/\/www.facebook.com\/plugins\/video.php?href=https%3A%2F%2Fwww.facebook.com%2Ftinda.oliveira%2Fvideos%2F1748051241991905%2F&amp;show_text=0&amp;width=476\" width=\"476\" src=\"data:image\/svg+xml;base64,PHN2ZyB3aWR0aD0iMSIgaGVpZ2h0PSIxIiB4bWxucz0iaHR0cDovL3d3dy53My5vcmcvMjAwMC9zdmciPjwvc3ZnPg==\" class=\"lazyload\" data-load-mode=\"1\"><\/iframe><\/figure>\n\n\n\n<p>ARA\u00c7\u00c3O DE TERRA E CONSTRU\u00c7\u00c3O DE BARRAGENS<\/p>\n\n\n\n<p>Ainda esta semana, as m\u00e1quinas realizaram obras de constru\u00e7\u00e3o de barragens, como por exemplo na propriedade de Z\u00e9 Chaves, no s\u00edtio Moc\u00f3, e tamb\u00e9m foram realizados servi\u00e7os de ara\u00e7\u00e3o de terra para diversos agricultores, fazendo jus a um dos slogans do governo municipal da gest\u00e3o do prefeito Sandro, que diz, que Camala\u00fa n\u00e3o para.<br>F\u00c1BIO BRITO<\/p>\n","protected":false},"excerpt":{"rendered":"<p>A prefeitura Municipal de Camala\u00fa tem realizado obras estruturantes em todo o munic\u00edpio.Esta semana, por determina\u00e7\u00e3o do prefeito Sandro M\u00f4co, a secretaria de agricultura e&hellip; <\/p>\n","protected":false},"author":1,"featured_media":123499,"comment_status":"closed","ping_status":"closed","sticky":false,"template":"","format":"standard","meta":{"sfsi_plus_gutenberg_text_before_share":"","sfsi_plus_gutenberg_show_text_before_share":"","sfsi_plus_gutenberg_icon_type":"","sfsi_plus_gutenberg_icon_alignemt":"","sfsi_plus_gutenburg_max_per_row":"","footnotes":""},"categories":[2],"tags":[],"class_list":["post-123497","post","type-post","status-publish","format-standard","has-post-thumbnail","hentry","category-geral"],"_links":{"self":[{"href":"https:\/\/www.caririemacao.com\/1\/wp-json\/wp\/v2\/posts\/123497","targetHints":{"allow":["GET"]}}],"collection":[{"href":"https:\/\/www.caririemacao.com\/1\/wp-json\/wp\/v2\/posts"}],"about":[{"href":"https:\/\/www.caririemacao.com\/1\/wp-json\/wp\/v2\/types\/post"}],"author":[{"embeddable":true,"href":"https:\/\/www.caririemacao.com\/1\/wp-json\/wp\/v2\/users\/1"}],"replies":[{"embeddable":true,"href":"https:\/\/www.caririemacao.com\/1\/wp-json\/wp\/v2\/comments?post=123497"}],"version-history":[{"count":1,"href":"https:\/\/www.caririemacao.com\/1\/wp-json\/wp\/v2\/posts\/123497\/revisions"}],"predecessor-version":[{"id":123500,"href":"https:\/\/www.caririemacao.com\/1\/wp-json\/wp\/v2\/posts\/123497\/revisions\/123500"}],"wp:featuredmedia":[{"embeddable":true,"href":"https:\/\/www.caririemacao.com\/1\/wp-json\/wp\/v2\/media\/123499"}],"wp:attachment":[{"href":"https:\/\/www.caririemacao.com\/1\/wp-json\/wp\/v2\/media?parent=123497"}],"wp:term":[{"taxonomy":"category","embeddable":true,"href":"https:\/\/www.caririemacao.com\/1\/wp-json\/wp\/v2\/categories?post=123497"},{"taxonomy":"post_tag","embeddable":true,"href":"https:\/\/www.caririemacao.com\/1\/wp-json\/wp\/v2\/tags?post=123497"}],"curies":[{"name":"wp","href":"https:\/\/api.w.org\/{rel}","templated":true}]}}