{"id":123505,"date":"2019-10-05T06:33:03","date_gmt":"2019-10-05T09:33:03","guid":{"rendered":"http:\/\/www.caririemacao.com\/1\/?p=123505"},"modified":"2019-10-05T06:33:03","modified_gmt":"2019-10-05T09:33:03","slug":"tudo-pronto-para-a-eleicao-do-conselho-tutelar-em-sao-jose-dos-cordeiros","status":"publish","type":"post","link":"https:\/\/www.caririemacao.com\/1\/2019\/10\/05\/tudo-pronto-para-a-eleicao-do-conselho-tutelar-em-sao-jose-dos-cordeiros\/","title":{"rendered":"Tudo pronto para a elei\u00e7\u00e3o do Conselho Tutelar em S\u00e3o Jos\u00e9 dos Cordeiros"},"content":{"rendered":"\n<p>A vota\u00e7\u00e3o se concentrar\u00e1 na Escola Municipal Manuel da Silva e se dar\u00e1 a partir das 8 da manh\u00e3. O prefeito Jefferson Roberto determinou o envio de transporte para facilitar a vinda dos habitantes da zona rural para a vota\u00e7\u00e3o e as rotas passar\u00e3o pelas principais comunidades do munic\u00edpio.<\/p>\n\n\n\n<p>Ser\u00e3o ao todo 5 rotas com sa\u00edda \u00e0s 7 da manh\u00e3 e retorno ao meio dia. Cada cordeirense pode votar em at\u00e9 3 candidatos, n\u00e3o podendo marcar mais que isso na folha de vota\u00e7\u00e3o para n\u00e3o ter seu voto anulado.<\/p>\n\n\n\n<p>Ao todo 27 pessoas concorrem ao cargo de Conselheiro Tutelar em S\u00e3o Jos\u00e9 dos Cordeiros. Segundo o secret\u00e1rio S\u00e9rgio Sousa, a apura\u00e7\u00e3o ser\u00e1 iniciada logo ap\u00f3s o fechamento das urnas e se dar\u00e1 na sede do CRAS. O resultado preliminar deve ser divulgado na noite do pr\u00f3prio domingo.<\/p>\n","protected":false},"excerpt":{"rendered":"<p>A vota\u00e7\u00e3o se concentrar\u00e1 na Escola Municipal Manuel da Silva e se dar\u00e1 a partir das 8 da manh\u00e3. O prefeito Jefferson Roberto determinou o&hellip; <\/p>\n","protected":false},"author":1,"featured_media":123507,"comment_status":"closed","ping_status":"closed","sticky":false,"template":"","format":"standard","meta":{"sfsi_plus_gutenberg_text_before_share":"","sfsi_plus_gutenberg_show_text_before_share":"","sfsi_plus_gutenberg_icon_type":"","sfsi_plus_gutenberg_icon_alignemt":"","sfsi_plus_gutenburg_max_per_row":"","footnotes":""},"categories":[6],"tags":[],"class_list":["post-123505","post","type-post","status-publish","format-standard","has-post-thumbnail","hentry","category-cidades"],"_links":{"self":[{"href":"https:\/\/www.caririemacao.com\/1\/wp-json\/wp\/v2\/posts\/123505","targetHints":{"allow":["GET"]}}],"collection":[{"href":"https:\/\/www.caririemacao.com\/1\/wp-json\/wp\/v2\/posts"}],"about":[{"href":"https:\/\/www.caririemacao.com\/1\/wp-json\/wp\/v2\/types\/post"}],"author":[{"embeddable":true,"href":"https:\/\/www.caririemacao.com\/1\/wp-json\/wp\/v2\/users\/1"}],"replies":[{"embeddable":true,"href":"https:\/\/www.caririemacao.com\/1\/wp-json\/wp\/v2\/comments?post=123505"}],"version-history":[{"count":1,"href":"https:\/\/www.caririemacao.com\/1\/wp-json\/wp\/v2\/posts\/123505\/revisions"}],"predecessor-version":[{"id":123508,"href":"https:\/\/www.caririemacao.com\/1\/wp-json\/wp\/v2\/posts\/123505\/revisions\/123508"}],"wp:featuredmedia":[{"embeddable":true,"href":"https:\/\/www.caririemacao.com\/1\/wp-json\/wp\/v2\/media\/123507"}],"wp:attachment":[{"href":"https:\/\/www.caririemacao.com\/1\/wp-json\/wp\/v2\/media?parent=123505"}],"wp:term":[{"taxonomy":"category","embeddable":true,"href":"https:\/\/www.caririemacao.com\/1\/wp-json\/wp\/v2\/categories?post=123505"},{"taxonomy":"post_tag","embeddable":true,"href":"https:\/\/www.caririemacao.com\/1\/wp-json\/wp\/v2\/tags?post=123505"}],"curies":[{"name":"wp","href":"https:\/\/api.w.org\/{rel}","templated":true}]}}