{"id":123513,"date":"2019-10-05T06:34:27","date_gmt":"2019-10-05T09:34:27","guid":{"rendered":"http:\/\/www.caririemacao.com\/1\/?p=123513"},"modified":"2019-10-05T06:34:27","modified_gmt":"2019-10-05T09:34:27","slug":"ministerio-da-saude-dara-incentivo-financeiro-a-municipio-que-bater-meta-de-vacinacao","status":"publish","type":"post","link":"https:\/\/www.caririemacao.com\/1\/2019\/10\/05\/ministerio-da-saude-dara-incentivo-financeiro-a-municipio-que-bater-meta-de-vacinacao\/","title":{"rendered":"Minist\u00e9rio da Sa\u00fade dar\u00e1 incentivo financeiro a munic\u00edpio que bater meta de vacina\u00e7\u00e3o"},"content":{"rendered":"\n<p>Como forma de incentivar a vacina\u00e7\u00e3o de crian\u00e7as, o Minist\u00e9rio da Sa\u00fade vai repassar um recurso adicional aos munic\u00edpios para que se organizem em campanhas.<\/p>\n\n\n\n<p>Ser\u00e1 concedido R$ 1 por pessoa, considerando a base populacional j\u00e1 utilizada a outros repasses financeiros na Aten\u00e7\u00e3o Prim\u00e1ria \u00e0 Sa\u00fade. Para o aporte financeiro, o \u00f3rg\u00e3o disponibilizou R$ 206 milh\u00f5es.<\/p>\n\n\n\n<p>O valor est\u00e1 condicionado ao cumprimento de duas metas. Mensalmente, os gestores dever\u00e3o informar ao minist\u00e9rio o estoque das vacinas poliomielite, tr\u00edplice viral (que protege contra sarampo, rub\u00e9ola e sarampo) e pentavalente.<\/p>\n\n\n\n<p>Al\u00e9m disso, os munic\u00edpios precisar\u00e3o atingir pelo menos entre 90% e 95% de cobertura vacinal contra o sarampo em crian\u00e7as de 1 a 5 anos de idade, com a primeira dose da vacina tr\u00edplice viral.<\/p>\n\n\n\n<p>\u201cO repasse ser\u00e1 proporcional ao alcance. Se cumprir entre 90% e 95% de cobertura receber\u00e1 50% do recurso; no caso de 100% ser\u00e1 o valor total\u201d, o ministro da Sa\u00fade, Luiz Henrique Mandetta.<\/p>\n\n\n\n<p>\u201cO Brasil chega a 92% de cobertura vacinal na primeira dose e 80% na segunda. Ent\u00e3o, n\u00f3s temos 20% de crian\u00e7as que n\u00e3o tomaram a segunda dose da tr\u00edplice viral nos \u00faltimos cinco anos. A vacina \u00e9 um direito da crian\u00e7a\u201d, afirma Mandetta.<\/p>\n\n\n\n<p>Durante entrevista coletiva realizada nesta sexta-feira (4), em Bras\u00edlia, Mandetta pediu aos pais e respons\u00e1veis que chequem a carteirinha de vacina\u00e7\u00e3o das crian\u00e7as e levem-nas ao posto de sa\u00fade para complementa\u00e7\u00e3o de dose, se for o caso.<\/p>\n\n\n\n<p>Nos \u00faltimos 90 dias, o Brasil registrou 5.404 casos confirmados de sarampo. Dos casos confirmados no per\u00edodo, 97% (5.228) est\u00e3o concentrados em 173 munic\u00edpios do estado de S\u00e3o Paulo.<\/p>\n\n\n\n<p>O Minist\u00e9rio da Sa\u00fade realizar\u00e1 uma campanha de vacina\u00e7\u00e3o contra o sarampo, em cinco etapas. Duas ocorrer\u00e3o em 2019 e as outras tr\u00eas no pr\u00f3ximo ano.<\/p>\n\n\n\n<p>A primeira ter\u00e1 in\u00edcio na pr\u00f3xima segunda-feira (7). At\u00e9 o dia 25 de outubro, as doses estar\u00e3o dispon\u00edveis para crian\u00e7as de entre seis meses e quatro anos, 11 meses e 29 dias. O dia D, para conscientizar sobre a import\u00e2ncia da vacina ser\u00e1 no s\u00e1bado (19).<\/p>\n\n\n\n<p>A segunda etapa \u2013de 18 a 30 de novembro\u2013 contemplar\u00e1 a popula\u00e7\u00e3o de 20 a 29 anos, com Dia D em 30 de novembro.<\/p>\n\n\n\n<p>Em 2020 (ainda sem data definida), ser\u00e3o contempladas tr\u00eas faixas et\u00e1rias: de 5 a 19 anos, de 30 a 49 anos e de 50 a 59 anos.<\/p>\n\n\n\n<p><em>Com Folha Uol<\/em><\/p>\n","protected":false},"excerpt":{"rendered":"<p>Como forma de incentivar a vacina\u00e7\u00e3o de crian\u00e7as, o Minist\u00e9rio da Sa\u00fade vai repassar um recurso adicional aos munic\u00edpios para que se organizem em campanhas.&hellip; <\/p>\n","protected":false},"author":1,"featured_media":104219,"comment_status":"closed","ping_status":"closed","sticky":false,"template":"","format":"standard","meta":{"sfsi_plus_gutenberg_text_before_share":"","sfsi_plus_gutenberg_show_text_before_share":"","sfsi_plus_gutenberg_icon_type":"","sfsi_plus_gutenberg_icon_alignemt":"","sfsi_plus_gutenburg_max_per_row":"","footnotes":""},"categories":[16],"tags":[],"class_list":["post-123513","post","type-post","status-publish","format-standard","has-post-thumbnail","hentry","category-saude"],"_links":{"self":[{"href":"https:\/\/www.caririemacao.com\/1\/wp-json\/wp\/v2\/posts\/123513","targetHints":{"allow":["GET"]}}],"collection":[{"href":"https:\/\/www.caririemacao.com\/1\/wp-json\/wp\/v2\/posts"}],"about":[{"href":"https:\/\/www.caririemacao.com\/1\/wp-json\/wp\/v2\/types\/post"}],"author":[{"embeddable":true,"href":"https:\/\/www.caririemacao.com\/1\/wp-json\/wp\/v2\/users\/1"}],"replies":[{"embeddable":true,"href":"https:\/\/www.caririemacao.com\/1\/wp-json\/wp\/v2\/comments?post=123513"}],"version-history":[{"count":1,"href":"https:\/\/www.caririemacao.com\/1\/wp-json\/wp\/v2\/posts\/123513\/revisions"}],"predecessor-version":[{"id":123515,"href":"https:\/\/www.caririemacao.com\/1\/wp-json\/wp\/v2\/posts\/123513\/revisions\/123515"}],"wp:featuredmedia":[{"embeddable":true,"href":"https:\/\/www.caririemacao.com\/1\/wp-json\/wp\/v2\/media\/104219"}],"wp:attachment":[{"href":"https:\/\/www.caririemacao.com\/1\/wp-json\/wp\/v2\/media?parent=123513"}],"wp:term":[{"taxonomy":"category","embeddable":true,"href":"https:\/\/www.caririemacao.com\/1\/wp-json\/wp\/v2\/categories?post=123513"},{"taxonomy":"post_tag","embeddable":true,"href":"https:\/\/www.caririemacao.com\/1\/wp-json\/wp\/v2\/tags?post=123513"}],"curies":[{"name":"wp","href":"https:\/\/api.w.org\/{rel}","templated":true}]}}