{"id":123830,"date":"2019-10-06T13:59:37","date_gmt":"2019-10-06T16:59:37","guid":{"rendered":"http:\/\/www.caririemacao.com\/1\/?p=123830"},"modified":"2019-10-06T13:59:37","modified_gmt":"2019-10-06T16:59:37","slug":"deputado-representa-a-paraiba-i-congresso-brasileiro-de-turismologos-e-profissionais-de-turismo-em-fortaleza","status":"publish","type":"post","link":"https:\/\/www.caririemacao.com\/1\/2019\/10\/06\/deputado-representa-a-paraiba-i-congresso-brasileiro-de-turismologos-e-profissionais-de-turismo-em-fortaleza\/","title":{"rendered":"Deputado representa a Para\u00edba I Congresso Brasileiro de Turism\u00f3logos e Profissionais de Turismo em Fortaleza"},"content":{"rendered":"\n<p>O deputado paraibano, Moacir Rodrigues esteve presente no\nXXIX Congresso Brasileiro de Turismo e I CBTuris 2019 \u2013 I Congresso Brasileiro\nde Turism\u00f3logos e Profissionais de Turismo que aconteceu no per\u00edodo de 03 a 05\nde outubro de 2019, em Fortaleza \u2013 Cear\u00e1.<\/p>\n\n\n\n<p>De acordo com o deputado Moacir que representou o estado da Para\u00edba\nna condi\u00e7\u00e3o de presidente da Comiss\u00e3o de Desenvolvimento, Meio Ambiente e\nTurismo, no I Congresso Brasileiro de Turism\u00f3logos e Profissionais do Turismo,\no evento teve tema central \u201cTurism\u00f3logo, profiss\u00e3o de interesse p\u00fablico e o\ncompromisso com a Agenda 2030 dos Objetivos do Desenvolvimento Sustent\u00e1vel\u201d. <\/p>\n\n\n\n<p>Durante o evento, foram discutidos temas que representam os\ninteresses profissionais, assim como a colabora\u00e7\u00e3o dos turism\u00f3logos na\npreven\u00e7\u00e3o da sa\u00fade da coletividade, na preserva\u00e7\u00e3o do patrim\u00f4nio material e\nimaterial, bem como ser profissionalmente instrumento de fortalecimento do\ndesenvolvimento sustent\u00e1vel e ressaltando o compromisso desses profissionais\ncom a Agenda 2030 dos Objetivos do Desenvolvimento Sustent\u00e1vel.<\/p>\n\n\n\n<p>\u201cDebatemos assuntos importantes para a classe e o\ncompromisso das assembleias legislativas do Brasil para o setor\u201d, finalizou.<\/p>\n","protected":false},"excerpt":{"rendered":"<p>O deputado paraibano, Moacir Rodrigues esteve presente no XXIX Congresso Brasileiro de Turismo e I CBTuris 2019 \u2013 I Congresso Brasileiro de Turism\u00f3logos e Profissionais&hellip; <\/p>\n","protected":false},"author":2,"featured_media":123831,"comment_status":"closed","ping_status":"closed","sticky":false,"template":"","format":"standard","meta":{"sfsi_plus_gutenberg_text_before_share":"","sfsi_plus_gutenberg_show_text_before_share":"","sfsi_plus_gutenberg_icon_type":"","sfsi_plus_gutenberg_icon_alignemt":"","sfsi_plus_gutenburg_max_per_row":"","footnotes":""},"categories":[50,2],"tags":[],"class_list":["post-123830","post","type-post","status-publish","format-standard","has-post-thumbnail","hentry","category-destaque","category-geral"],"_links":{"self":[{"href":"https:\/\/www.caririemacao.com\/1\/wp-json\/wp\/v2\/posts\/123830","targetHints":{"allow":["GET"]}}],"collection":[{"href":"https:\/\/www.caririemacao.com\/1\/wp-json\/wp\/v2\/posts"}],"about":[{"href":"https:\/\/www.caririemacao.com\/1\/wp-json\/wp\/v2\/types\/post"}],"author":[{"embeddable":true,"href":"https:\/\/www.caririemacao.com\/1\/wp-json\/wp\/v2\/users\/2"}],"replies":[{"embeddable":true,"href":"https:\/\/www.caririemacao.com\/1\/wp-json\/wp\/v2\/comments?post=123830"}],"version-history":[{"count":1,"href":"https:\/\/www.caririemacao.com\/1\/wp-json\/wp\/v2\/posts\/123830\/revisions"}],"predecessor-version":[{"id":123834,"href":"https:\/\/www.caririemacao.com\/1\/wp-json\/wp\/v2\/posts\/123830\/revisions\/123834"}],"wp:featuredmedia":[{"embeddable":true,"href":"https:\/\/www.caririemacao.com\/1\/wp-json\/wp\/v2\/media\/123831"}],"wp:attachment":[{"href":"https:\/\/www.caririemacao.com\/1\/wp-json\/wp\/v2\/media?parent=123830"}],"wp:term":[{"taxonomy":"category","embeddable":true,"href":"https:\/\/www.caririemacao.com\/1\/wp-json\/wp\/v2\/categories?post=123830"},{"taxonomy":"post_tag","embeddable":true,"href":"https:\/\/www.caririemacao.com\/1\/wp-json\/wp\/v2\/tags?post=123830"}],"curies":[{"name":"wp","href":"https:\/\/api.w.org\/{rel}","templated":true}]}}