{"id":123832,"date":"2019-10-06T14:01:05","date_gmt":"2019-10-06T17:01:05","guid":{"rendered":"http:\/\/www.caririemacao.com\/1\/?p=123832"},"modified":"2019-10-06T14:01:05","modified_gmt":"2019-10-06T17:01:05","slug":"prefeito-pedrito-comemora-acesso-do-sao-paulo-crystal-na-1a-divisao-do-paraibano","status":"publish","type":"post","link":"https:\/\/www.caririemacao.com\/1\/2019\/10\/06\/prefeito-pedrito-comemora-acesso-do-sao-paulo-crystal-na-1a-divisao-do-paraibano\/","title":{"rendered":"Prefeito Pedrito comemora acesso do S\u00e3o Paulo Crystal na 1\u00aa divis\u00e3o do Paraibano"},"content":{"rendered":"\n<p>O S\u00e3o Paulo Crystal conseguiu um feito hist\u00f3rico e in\u00e9dito na hist\u00f3ria do clube da pequena cidade de Cruz do Esp\u00edrito Santo. Na tarde do \u00faltimo s\u00e1bado (5), no Est\u00e1dio Carneir\u00e3o, em Cruz do Esp\u00edrito Santo, o S\u00e3o Paulo Crystal garantiu o acesso a 1\u00aa divis\u00e3o do Campeonato Paraibano 2020, ap\u00f3s vencer o Queimadense por 2 X 0.<\/p>\n\n\n\n<p>A conquista do t\u00edtulo \u00e9 fruto de um trabalho coletivo feito por v\u00e1rias pessoas, mas a torcida do S\u00e3o Paulo Crystal gritou alto em agradecimento ao prefeito Pedrito, entusiasta e incentivador do esporte na cidade:<\/p>\n\n\n\n<blockquote class=\"wp-block-quote is-layout-flow wp-block-quote-is-layout-flow\"><p>\u201cMuito feliz com a conquista in\u00e9dita do nosso S\u00e3o Paulo Crystal a elite do futebol paraibano. Tem muita gente envolvida nessa conquista. Em quanto gestor, torcedor e amante do esporte, fizemos e continuaremos a fazer os esfor\u00e7os necess\u00e1rios para ver cada vez mais o nosso clube brilhar nos gramados da elite do futebol paraibano\u201d, falou emocionado Pedrito.<\/p><\/blockquote>\n\n\n\n<figure class=\"wp-block-image\"><img decoding=\"async\" data-src=\"http:\/\/www.blogdobrunolira.com.br\/wp-content\/uploads\/2019\/10\/196f2433d71c47981960bef1e4f04220_750x438.png\" alt=\"\" class=\"wp-image-15945 lazyload\" src=\"data:image\/svg+xml;base64,PHN2ZyB3aWR0aD0iMSIgaGVpZ2h0PSIxIiB4bWxucz0iaHR0cDovL3d3dy53My5vcmcvMjAwMC9zdmciPjwvc3ZnPg==\" \/><\/figure>\n\n\n\n<p><strong>O QUE VEM PELA FRENTE?<\/strong><\/p>\n\n\n\n<p>Agora o S\u00e3o Paulo Crystal \u2013 que vai disputar a 1\u00aa divis\u00e3o em 2020 \u2013 tem pela frente o Sport-PB, na final da Segundona. A decis\u00e3o vai ser disputada novamente em jogos de ida e volta, provavelmente nos dois pr\u00f3ximos fins de semana. Os mandos de campo v\u00e3o ser definidos atrav\u00e9s de sorteio. As datas, hor\u00e1rios e locais das partidas v\u00e3o ser divulgados ao longo desta semana pela Federa\u00e7\u00e3o Paraibana de Futebol (FPF).<\/p>\n\n\n\n<figure class=\"wp-block-image\"><img decoding=\"async\" data-src=\"http:\/\/www.blogdobrunolira.com.br\/wp-content\/uploads\/2019\/10\/WhatsApp-Image-2019-10-06-at-11.34.56.jpeg\" alt=\"\" class=\"wp-image-15946 lazyload\" src=\"data:image\/svg+xml;base64,PHN2ZyB3aWR0aD0iMSIgaGVpZ2h0PSIxIiB4bWxucz0iaHR0cDovL3d3dy53My5vcmcvMjAwMC9zdmciPjwvc3ZnPg==\" \/><\/figure>\n\n\n\n<p><strong>Blog do Bruno Lira<\/strong><\/p>\n","protected":false},"excerpt":{"rendered":"<p>O S\u00e3o Paulo Crystal conseguiu um feito hist\u00f3rico e in\u00e9dito na hist\u00f3ria do clube da pequena cidade de Cruz do Esp\u00edrito Santo. Na tarde do&hellip; <\/p>\n","protected":false},"author":1,"featured_media":123835,"comment_status":"closed","ping_status":"closed","sticky":false,"template":"","format":"standard","meta":{"sfsi_plus_gutenberg_text_before_share":"","sfsi_plus_gutenberg_show_text_before_share":"","sfsi_plus_gutenberg_icon_type":"","sfsi_plus_gutenberg_icon_alignemt":"","sfsi_plus_gutenburg_max_per_row":"","footnotes":""},"categories":[13],"tags":[],"class_list":["post-123832","post","type-post","status-publish","format-standard","has-post-thumbnail","hentry","category-esportes"],"_links":{"self":[{"href":"https:\/\/www.caririemacao.com\/1\/wp-json\/wp\/v2\/posts\/123832","targetHints":{"allow":["GET"]}}],"collection":[{"href":"https:\/\/www.caririemacao.com\/1\/wp-json\/wp\/v2\/posts"}],"about":[{"href":"https:\/\/www.caririemacao.com\/1\/wp-json\/wp\/v2\/types\/post"}],"author":[{"embeddable":true,"href":"https:\/\/www.caririemacao.com\/1\/wp-json\/wp\/v2\/users\/1"}],"replies":[{"embeddable":true,"href":"https:\/\/www.caririemacao.com\/1\/wp-json\/wp\/v2\/comments?post=123832"}],"version-history":[{"count":1,"href":"https:\/\/www.caririemacao.com\/1\/wp-json\/wp\/v2\/posts\/123832\/revisions"}],"predecessor-version":[{"id":123836,"href":"https:\/\/www.caririemacao.com\/1\/wp-json\/wp\/v2\/posts\/123832\/revisions\/123836"}],"wp:featuredmedia":[{"embeddable":true,"href":"https:\/\/www.caririemacao.com\/1\/wp-json\/wp\/v2\/media\/123835"}],"wp:attachment":[{"href":"https:\/\/www.caririemacao.com\/1\/wp-json\/wp\/v2\/media?parent=123832"}],"wp:term":[{"taxonomy":"category","embeddable":true,"href":"https:\/\/www.caririemacao.com\/1\/wp-json\/wp\/v2\/categories?post=123832"},{"taxonomy":"post_tag","embeddable":true,"href":"https:\/\/www.caririemacao.com\/1\/wp-json\/wp\/v2\/tags?post=123832"}],"curies":[{"name":"wp","href":"https:\/\/api.w.org\/{rel}","templated":true}]}}