{"id":123844,"date":"2019-10-06T14:16:02","date_gmt":"2019-10-06T17:16:02","guid":{"rendered":"http:\/\/www.caririemacao.com\/1\/?p=123844"},"modified":"2019-10-06T14:17:30","modified_gmt":"2019-10-06T17:17:30","slug":"aildo-brito-confirma-que-disputara-as-eleicoes-de-2020-em-gurjao","status":"publish","type":"post","link":"https:\/\/www.caririemacao.com\/1\/2019\/10\/06\/aildo-brito-confirma-que-disputara-as-eleicoes-de-2020-em-gurjao\/","title":{"rendered":"Aildo Brito confirma que disputar\u00e1 as elei\u00e7\u00f5es de 2020 em Gurj\u00e3o"},"content":{"rendered":"\n<p>Com a aproxima\u00e7\u00e3o das elei\u00e7\u00f5es do pr\u00f3ximo ano, os bastidores\npol\u00edticos come\u00e7aram se movimentar na busca de alinhamento para as disputas para\nvereadores e prefeito.<\/p>\n\n\n\n<p>Desta forma, quem pretende e informou ao Cariri em A\u00e7\u00e3o que disputar\u00e1\nas elei\u00e7\u00f5es de 2020 na cidade de Gurj\u00e3o Aildo Jos\u00e9 Brito Gomes, mais conhecido\ncomo Aildo Brito.<\/p>\n\n\n\n<p>Ele disse que o povo de Gurj\u00e3o n\u00e3o merece a gest\u00e3o que tem e que por conta disso est\u00e1 pensando seriamente em participar ativamente das elei\u00e7\u00f5es, seja para vereador ou prefeito, mas o certo \u00e9 que ele vai concorrer algum cargo.<\/p>\n\n\n\n<p>Dentre outras a\u00e7\u00f5es j\u00e1 realizadas em defesa do povo de\nGurj\u00e3o, est\u00e1 a perfura\u00e7\u00e3o de po\u00e7os artesianos para o munic\u00edpio.<\/p>\n","protected":false},"excerpt":{"rendered":"<p>Com a aproxima\u00e7\u00e3o das elei\u00e7\u00f5es do pr\u00f3ximo ano, os bastidores pol\u00edticos come\u00e7aram se movimentar na busca de alinhamento para as disputas para vereadores e prefeito.&hellip; <\/p>\n","protected":false},"author":2,"featured_media":123845,"comment_status":"closed","ping_status":"closed","sticky":false,"template":"","format":"standard","meta":{"sfsi_plus_gutenberg_text_before_share":"","sfsi_plus_gutenberg_show_text_before_share":"","sfsi_plus_gutenberg_icon_type":"","sfsi_plus_gutenberg_icon_alignemt":"","sfsi_plus_gutenburg_max_per_row":"","footnotes":""},"categories":[50,11],"tags":[],"class_list":["post-123844","post","type-post","status-publish","format-standard","has-post-thumbnail","hentry","category-destaque","category-politica"],"_links":{"self":[{"href":"https:\/\/www.caririemacao.com\/1\/wp-json\/wp\/v2\/posts\/123844","targetHints":{"allow":["GET"]}}],"collection":[{"href":"https:\/\/www.caririemacao.com\/1\/wp-json\/wp\/v2\/posts"}],"about":[{"href":"https:\/\/www.caririemacao.com\/1\/wp-json\/wp\/v2\/types\/post"}],"author":[{"embeddable":true,"href":"https:\/\/www.caririemacao.com\/1\/wp-json\/wp\/v2\/users\/2"}],"replies":[{"embeddable":true,"href":"https:\/\/www.caririemacao.com\/1\/wp-json\/wp\/v2\/comments?post=123844"}],"version-history":[{"count":2,"href":"https:\/\/www.caririemacao.com\/1\/wp-json\/wp\/v2\/posts\/123844\/revisions"}],"predecessor-version":[{"id":123847,"href":"https:\/\/www.caririemacao.com\/1\/wp-json\/wp\/v2\/posts\/123844\/revisions\/123847"}],"wp:featuredmedia":[{"embeddable":true,"href":"https:\/\/www.caririemacao.com\/1\/wp-json\/wp\/v2\/media\/123845"}],"wp:attachment":[{"href":"https:\/\/www.caririemacao.com\/1\/wp-json\/wp\/v2\/media?parent=123844"}],"wp:term":[{"taxonomy":"category","embeddable":true,"href":"https:\/\/www.caririemacao.com\/1\/wp-json\/wp\/v2\/categories?post=123844"},{"taxonomy":"post_tag","embeddable":true,"href":"https:\/\/www.caririemacao.com\/1\/wp-json\/wp\/v2\/tags?post=123844"}],"curies":[{"name":"wp","href":"https:\/\/api.w.org\/{rel}","templated":true}]}}