{"id":123848,"date":"2019-10-06T14:22:38","date_gmt":"2019-10-06T17:22:38","guid":{"rendered":"http:\/\/www.caririemacao.com\/1\/?p=123848"},"modified":"2019-10-06T14:22:38","modified_gmt":"2019-10-06T17:22:38","slug":"caririzeiro-ganha-espaco-na-europa-com-trabalhos-artisticos-que-reproduzem-o-nordeste-brasileiro","status":"publish","type":"post","link":"https:\/\/www.caririemacao.com\/1\/2019\/10\/06\/caririzeiro-ganha-espaco-na-europa-com-trabalhos-artisticos-que-reproduzem-o-nordeste-brasileiro\/","title":{"rendered":"Caririzeiro ganha espa\u00e7o na Europa com trabalhos art\u00edsticos que reproduzem o Nordeste Brasileiro"},"content":{"rendered":"\n<p>O artista caririzeiro, Zito J\u00fanior que nasceu em Monteiro &#8211; PB, e foi abra\u00e7ado pela cidade de Sum\u00e9 \u2013 PB, filho de poeta repentista Zito Siqueira e da costureira e bordadeira Na\u00edde Maria, vem ganhando destaque internacionalmente.<\/p>\n\n\n\n<figure class=\"wp-block-image\"><img fetchpriority=\"high\" decoding=\"async\" width=\"552\" height=\"500\" src=\"http:\/\/www.caririemacao.com\/1\/wp-content\/uploads\/2019\/10\/FB_IMG_1570365183893.jpg\" alt=\"\" class=\"wp-image-123730\" srcset=\"https:\/\/www.caririemacao.com\/1\/wp-content\/uploads\/2019\/10\/FB_IMG_1570365183893.jpg 552w, https:\/\/www.caririemacao.com\/1\/wp-content\/uploads\/2019\/10\/FB_IMG_1570365183893-300x272.jpg 300w\" sizes=\"(max-width: 552px) 100vw, 552px\" \/><\/figure>\n\n\n\n<p>Casado com Vera, tem dois filhos: Samuel e Catharinne. Zito \u00e9 apaixonado pela arte e poesia. Formado em Ci\u00eancias e Matem\u00e1tica, o autor \u00e9 professor estadual e municipal de Artes e Matem\u00e1tica. Criador e principal editor do jornal \u2018\u2018Cabe\u00e7a de Rato\u2019, que nasceu em Sert\u00e2nia \u2013 PE, em 09 de dezembro de 1988, \u00e9poca que residia nesta cidade de Pernambuco.<\/p>\n\n\n\n<p>Os dois primeiros n\u00fameros do jornal foram publicados apenas poemas de sua autoria e em seguida com mais 3 poetas co-autores, Fl\u00e1vio Magalh\u00e3es, \u00c1lvaro G\u00f3is e Josessandro Andrade.<\/p>\n\n\n\n<figure class=\"wp-block-image\"><img decoding=\"async\" width=\"720\" height=\"555\" data-src=\"http:\/\/www.caririemacao.com\/1\/wp-content\/uploads\/2019\/10\/FB_IMG_1570365161764.jpg\" alt=\"\" class=\"wp-image-123732 lazyload\" data-srcset=\"https:\/\/www.caririemacao.com\/1\/wp-content\/uploads\/2019\/10\/FB_IMG_1570365161764.jpg 720w, https:\/\/www.caririemacao.com\/1\/wp-content\/uploads\/2019\/10\/FB_IMG_1570365161764-300x231.jpg 300w\" data-sizes=\"(max-width: 720px) 100vw, 720px\" src=\"data:image\/svg+xml;base64,PHN2ZyB3aWR0aD0iMSIgaGVpZ2h0PSIxIiB4bWxucz0iaHR0cDovL3d3dy53My5vcmcvMjAwMC9zdmciPjwvc3ZnPg==\" style=\"--smush-placeholder-width: 720px; --smush-placeholder-aspect-ratio: 720\/555;\" \/><\/figure>\n\n\n\n<p>Amante da arte, literatura, m\u00fasica, teatro e museus, Zito atualmente se dedica a fazer pinturas de quadros, produzir esculturas em papel march\u00ea e escrever poesias, cr\u00f4nicas e artigos que refletem o cotidiano nordestino. Em sua viv\u00eancia pelas terras nordestinas, cenas do cotidiano s\u00e3o eternizadas em telas sob o olhar do nosso artista pl\u00e1stico. <\/p>\n\n\n\n<p>O Livro \u201cEcos do Nordeste Brasil\u2019\u2019 compartilhar uma colet\u00e2nea de poesias de v\u00e1rios grandes poetas da regi\u00e3o nordestina, inclusive do nosso querido Zito J\u00fanior.<\/p>\n\n\n\n<figure class=\"wp-block-image\"><img decoding=\"async\" width=\"720\" height=\"483\" data-src=\"http:\/\/www.caririemacao.com\/1\/wp-content\/uploads\/2019\/10\/FB_IMG_1570365198753.jpg\" alt=\"\" class=\"wp-image-123733 lazyload\" data-srcset=\"https:\/\/www.caririemacao.com\/1\/wp-content\/uploads\/2019\/10\/FB_IMG_1570365198753.jpg 720w, https:\/\/www.caririemacao.com\/1\/wp-content\/uploads\/2019\/10\/FB_IMG_1570365198753-300x201.jpg 300w\" data-sizes=\"(max-width: 720px) 100vw, 720px\" src=\"data:image\/svg+xml;base64,PHN2ZyB3aWR0aD0iMSIgaGVpZ2h0PSIxIiB4bWxucz0iaHR0cDovL3d3dy53My5vcmcvMjAwMC9zdmciPjwvc3ZnPg==\" style=\"--smush-placeholder-width: 720px; --smush-placeholder-aspect-ratio: 720\/483;\" \/><\/figure>\n\n\n\n<p>O livro tem como capa umas das grandes pinturas de nosso artista Zito J\u00fanior, a qual faz uma alus\u00e3o a Santa Ceia, com vaqueiros sentados a mesa de uma fazenda da regi\u00e3o do Cariri. <\/p>\n\n\n\n<p>O lan\u00e7amento do livro ocorreu em Lisboa, Portugal pela Editora In-Finita, e foi distribu\u00eddo para venda na Fran\u00e7a.<br> Este ano, ter\u00e1 a segunda edi\u00e7\u00e3o com novas poesias e uma nova obra pl\u00e1stica de nosso grande artista Zito J\u00fanior. <\/p>\n\n\n\n<figure class=\"wp-block-image\"><img decoding=\"async\" width=\"720\" height=\"540\" data-src=\"http:\/\/www.caririemacao.com\/1\/wp-content\/uploads\/2019\/10\/FB_IMG_1570365240653.jpg\" alt=\"\" class=\"wp-image-123735 lazyload\" data-srcset=\"https:\/\/www.caririemacao.com\/1\/wp-content\/uploads\/2019\/10\/FB_IMG_1570365240653.jpg 720w, https:\/\/www.caririemacao.com\/1\/wp-content\/uploads\/2019\/10\/FB_IMG_1570365240653-300x225.jpg 300w\" data-sizes=\"(max-width: 720px) 100vw, 720px\" src=\"data:image\/svg+xml;base64,PHN2ZyB3aWR0aD0iMSIgaGVpZ2h0PSIxIiB4bWxucz0iaHR0cDovL3d3dy53My5vcmcvMjAwMC9zdmciPjwvc3ZnPg==\" style=\"--smush-placeholder-width: 720px; --smush-placeholder-aspect-ratio: 720\/540;\" \/><\/figure>\n\n\n\n<p>Cariri em A\u00e7\u00e3o<\/p>\n\n\n<p><!--EndFragment--><br>\n<br>\n<\/p>","protected":false},"excerpt":{"rendered":"<p>O artista caririzeiro, Zito J\u00fanior que nasceu em Monteiro &#8211; PB, e foi abra\u00e7ado pela cidade de Sum\u00e9 \u2013 PB, filho de poeta repentista Zito&hellip; <\/p>\n","protected":false},"author":2,"featured_media":123729,"comment_status":"closed","ping_status":"closed","sticky":false,"template":"","format":"standard","meta":{"sfsi_plus_gutenberg_text_before_share":"","sfsi_plus_gutenberg_show_text_before_share":"","sfsi_plus_gutenberg_icon_type":"","sfsi_plus_gutenberg_icon_alignemt":"","sfsi_plus_gutenburg_max_per_row":"","footnotes":""},"categories":[50,2],"tags":[],"class_list":["post-123848","post","type-post","status-publish","format-standard","has-post-thumbnail","hentry","category-destaque","category-geral"],"_links":{"self":[{"href":"https:\/\/www.caririemacao.com\/1\/wp-json\/wp\/v2\/posts\/123848","targetHints":{"allow":["GET"]}}],"collection":[{"href":"https:\/\/www.caririemacao.com\/1\/wp-json\/wp\/v2\/posts"}],"about":[{"href":"https:\/\/www.caririemacao.com\/1\/wp-json\/wp\/v2\/types\/post"}],"author":[{"embeddable":true,"href":"https:\/\/www.caririemacao.com\/1\/wp-json\/wp\/v2\/users\/2"}],"replies":[{"embeddable":true,"href":"https:\/\/www.caririemacao.com\/1\/wp-json\/wp\/v2\/comments?post=123848"}],"version-history":[{"count":1,"href":"https:\/\/www.caririemacao.com\/1\/wp-json\/wp\/v2\/posts\/123848\/revisions"}],"predecessor-version":[{"id":123849,"href":"https:\/\/www.caririemacao.com\/1\/wp-json\/wp\/v2\/posts\/123848\/revisions\/123849"}],"wp:featuredmedia":[{"embeddable":true,"href":"https:\/\/www.caririemacao.com\/1\/wp-json\/wp\/v2\/media\/123729"}],"wp:attachment":[{"href":"https:\/\/www.caririemacao.com\/1\/wp-json\/wp\/v2\/media?parent=123848"}],"wp:term":[{"taxonomy":"category","embeddable":true,"href":"https:\/\/www.caririemacao.com\/1\/wp-json\/wp\/v2\/categories?post=123848"},{"taxonomy":"post_tag","embeddable":true,"href":"https:\/\/www.caririemacao.com\/1\/wp-json\/wp\/v2\/tags?post=123848"}],"curies":[{"name":"wp","href":"https:\/\/api.w.org\/{rel}","templated":true}]}}