{"id":123850,"date":"2019-10-06T22:54:49","date_gmt":"2019-10-07T01:54:49","guid":{"rendered":"http:\/\/www.caririemacao.com\/1\/?p=123850"},"modified":"2019-10-06T22:54:49","modified_gmt":"2019-10-07T01:54:49","slug":"resultado-ouro-velho-novos-conselheiros-tutelares","status":"publish","type":"post","link":"https:\/\/www.caririemacao.com\/1\/2019\/10\/06\/resultado-ouro-velho-novos-conselheiros-tutelares\/","title":{"rendered":"RESULTADO: Ouro Velho novos conselheiros tutelares"},"content":{"rendered":"\n<p>A Cidade  Ouro Velho j\u00e1 tem seus novos conselheiros tutelares eleitos. Confira abaixo os eleitos:<\/p>\n\n\n\n<table class=\"wp-block-table\"><tbody><tr><td>Jana\u00edna<\/td><td>618  votos<\/td><\/tr><tr><td>Carlinhos<\/td><td>462 votos<\/td><\/tr><tr><td>Manuela<\/td><td>456  votos <\/td><\/tr><tr><td>J\u00fanior<\/td><td>448  votos <\/td><\/tr><tr><td>M\u00e1rcio<\/td><td>428  votos <\/td><\/tr><\/tbody><\/table>\n","protected":false},"excerpt":{"rendered":"<p>A Cidade Ouro Velho j\u00e1 tem seus novos conselheiros tutelares eleitos. Confira abaixo os eleitos: Jana\u00edna 618 votos Carlinhos 462 votos Manuela 456 votos J\u00fanior&hellip; <\/p>\n","protected":false},"author":2,"featured_media":44178,"comment_status":"closed","ping_status":"closed","sticky":false,"template":"","format":"standard","meta":{"sfsi_plus_gutenberg_text_before_share":"","sfsi_plus_gutenberg_show_text_before_share":"","sfsi_plus_gutenberg_icon_type":"","sfsi_plus_gutenberg_icon_alignemt":"","sfsi_plus_gutenburg_max_per_row":"","footnotes":""},"categories":[6,50],"tags":[],"class_list":["post-123850","post","type-post","status-publish","format-standard","has-post-thumbnail","hentry","category-cidades","category-destaque"],"_links":{"self":[{"href":"https:\/\/www.caririemacao.com\/1\/wp-json\/wp\/v2\/posts\/123850","targetHints":{"allow":["GET"]}}],"collection":[{"href":"https:\/\/www.caririemacao.com\/1\/wp-json\/wp\/v2\/posts"}],"about":[{"href":"https:\/\/www.caririemacao.com\/1\/wp-json\/wp\/v2\/types\/post"}],"author":[{"embeddable":true,"href":"https:\/\/www.caririemacao.com\/1\/wp-json\/wp\/v2\/users\/2"}],"replies":[{"embeddable":true,"href":"https:\/\/www.caririemacao.com\/1\/wp-json\/wp\/v2\/comments?post=123850"}],"version-history":[{"count":1,"href":"https:\/\/www.caririemacao.com\/1\/wp-json\/wp\/v2\/posts\/123850\/revisions"}],"predecessor-version":[{"id":123851,"href":"https:\/\/www.caririemacao.com\/1\/wp-json\/wp\/v2\/posts\/123850\/revisions\/123851"}],"wp:featuredmedia":[{"embeddable":true,"href":"https:\/\/www.caririemacao.com\/1\/wp-json\/wp\/v2\/media\/44178"}],"wp:attachment":[{"href":"https:\/\/www.caririemacao.com\/1\/wp-json\/wp\/v2\/media?parent=123850"}],"wp:term":[{"taxonomy":"category","embeddable":true,"href":"https:\/\/www.caririemacao.com\/1\/wp-json\/wp\/v2\/categories?post=123850"},{"taxonomy":"post_tag","embeddable":true,"href":"https:\/\/www.caririemacao.com\/1\/wp-json\/wp\/v2\/tags?post=123850"}],"curies":[{"name":"wp","href":"https:\/\/api.w.org\/{rel}","templated":true}]}}