{"id":123867,"date":"2019-10-06T23:16:51","date_gmt":"2019-10-07T02:16:51","guid":{"rendered":"http:\/\/www.caririemacao.com\/1\/?p=123867"},"modified":"2019-10-06T23:16:51","modified_gmt":"2019-10-07T02:16:51","slug":"resultado-sao-sebastiao-do-umbuzeiro-elege-os-novos-conselheiros-tutelares","status":"publish","type":"post","link":"https:\/\/www.caririemacao.com\/1\/2019\/10\/06\/resultado-sao-sebastiao-do-umbuzeiro-elege-os-novos-conselheiros-tutelares\/","title":{"rendered":"RESULTADO: S\u00e3o Sebasti\u00e3o do Umbuzeiro elege os novos conselheiros tutelares"},"content":{"rendered":"\n<p>A cidade de S\u00e3o Sebasti\u00e3o do Umbuzeiro j\u00e1 tem seus cinco novos\nconselheiros tutelares eleitos. Confira abaixo os eleitos:<\/p>\n\n\n\n<table class=\"wp-block-table\"><tbody><tr><td>Isabela<\/td><td>221 votos<\/td><\/tr><tr><td>Agnor<\/td><td>206  votos <\/td><\/tr><tr><td>Jeferson Roberto<\/td><td>192  votos <\/td><\/tr><tr><td>Jos\u00e9 Dinilson<\/td><td>159  votos <\/td><\/tr><tr><td>Lucivando<\/td><td>149  votos <\/td><\/tr><\/tbody><\/table>\n","protected":false},"excerpt":{"rendered":"<p>A cidade de S\u00e3o Sebasti\u00e3o do Umbuzeiro j\u00e1 tem seus cinco novos conselheiros tutelares eleitos. Confira abaixo os eleitos: Isabela 221 votos Agnor 206 votos&hellip; <\/p>\n","protected":false},"author":2,"featured_media":31184,"comment_status":"closed","ping_status":"closed","sticky":false,"template":"","format":"standard","meta":{"sfsi_plus_gutenberg_text_before_share":"","sfsi_plus_gutenberg_show_text_before_share":"","sfsi_plus_gutenberg_icon_type":"","sfsi_plus_gutenberg_icon_alignemt":"","sfsi_plus_gutenburg_max_per_row":"","footnotes":""},"categories":[6,50],"tags":[],"class_list":["post-123867","post","type-post","status-publish","format-standard","has-post-thumbnail","hentry","category-cidades","category-destaque"],"_links":{"self":[{"href":"https:\/\/www.caririemacao.com\/1\/wp-json\/wp\/v2\/posts\/123867","targetHints":{"allow":["GET"]}}],"collection":[{"href":"https:\/\/www.caririemacao.com\/1\/wp-json\/wp\/v2\/posts"}],"about":[{"href":"https:\/\/www.caririemacao.com\/1\/wp-json\/wp\/v2\/types\/post"}],"author":[{"embeddable":true,"href":"https:\/\/www.caririemacao.com\/1\/wp-json\/wp\/v2\/users\/2"}],"replies":[{"embeddable":true,"href":"https:\/\/www.caririemacao.com\/1\/wp-json\/wp\/v2\/comments?post=123867"}],"version-history":[{"count":1,"href":"https:\/\/www.caririemacao.com\/1\/wp-json\/wp\/v2\/posts\/123867\/revisions"}],"predecessor-version":[{"id":123868,"href":"https:\/\/www.caririemacao.com\/1\/wp-json\/wp\/v2\/posts\/123867\/revisions\/123868"}],"wp:featuredmedia":[{"embeddable":true,"href":"https:\/\/www.caririemacao.com\/1\/wp-json\/wp\/v2\/media\/31184"}],"wp:attachment":[{"href":"https:\/\/www.caririemacao.com\/1\/wp-json\/wp\/v2\/media?parent=123867"}],"wp:term":[{"taxonomy":"category","embeddable":true,"href":"https:\/\/www.caririemacao.com\/1\/wp-json\/wp\/v2\/categories?post=123867"},{"taxonomy":"post_tag","embeddable":true,"href":"https:\/\/www.caririemacao.com\/1\/wp-json\/wp\/v2\/tags?post=123867"}],"curies":[{"name":"wp","href":"https:\/\/api.w.org\/{rel}","templated":true}]}}