{"id":123870,"date":"2019-10-06T23:28:35","date_gmt":"2019-10-07T02:28:35","guid":{"rendered":"http:\/\/www.caririemacao.com\/1\/?p=123870"},"modified":"2019-10-06T23:28:35","modified_gmt":"2019-10-07T02:28:35","slug":"resultado-camalau-elege-os-novos-conselheiros-tutelares","status":"publish","type":"post","link":"https:\/\/www.caririemacao.com\/1\/2019\/10\/06\/resultado-camalau-elege-os-novos-conselheiros-tutelares\/","title":{"rendered":"RESULTADO: Camala\u00fa elege os novos conselheiros tutelares"},"content":{"rendered":"\n<p>A cidade de Camala\u00fa j\u00e1 tem seus cinco novos conselheiros tutelares eleitos. Confira abaixo os eleitos:<\/p>\n\n\n\n<table class=\"wp-block-table\"><tbody><tr><td>Poeta\n  Mauricelio<\/td><td>231 votos<\/td><\/tr><tr><td>Amir Rog\u00e9rio<\/td><td>216 votos<\/td><\/tr><tr><td>Ernando\n  Avelino<\/td><td>181 votos<\/td><\/tr><tr><td>Welton Barros<\/td><td>135&nbsp; votos<\/td><\/tr><tr><td>Erika&nbsp;<\/td><td>122 votos<\/td><\/tr><\/tbody><\/table>\n","protected":false},"excerpt":{"rendered":"<p>A cidade de Camala\u00fa j\u00e1 tem seus cinco novos conselheiros tutelares eleitos. Confira abaixo os eleitos: Poeta Mauricelio 231 votos Amir Rog\u00e9rio 216 votos Ernando&hellip; <\/p>\n","protected":false},"author":2,"featured_media":52127,"comment_status":"closed","ping_status":"closed","sticky":false,"template":"","format":"standard","meta":{"sfsi_plus_gutenberg_text_before_share":"","sfsi_plus_gutenberg_show_text_before_share":"","sfsi_plus_gutenberg_icon_type":"","sfsi_plus_gutenberg_icon_alignemt":"","sfsi_plus_gutenburg_max_per_row":"","footnotes":""},"categories":[6,50],"tags":[],"class_list":["post-123870","post","type-post","status-publish","format-standard","has-post-thumbnail","hentry","category-cidades","category-destaque"],"_links":{"self":[{"href":"https:\/\/www.caririemacao.com\/1\/wp-json\/wp\/v2\/posts\/123870","targetHints":{"allow":["GET"]}}],"collection":[{"href":"https:\/\/www.caririemacao.com\/1\/wp-json\/wp\/v2\/posts"}],"about":[{"href":"https:\/\/www.caririemacao.com\/1\/wp-json\/wp\/v2\/types\/post"}],"author":[{"embeddable":true,"href":"https:\/\/www.caririemacao.com\/1\/wp-json\/wp\/v2\/users\/2"}],"replies":[{"embeddable":true,"href":"https:\/\/www.caririemacao.com\/1\/wp-json\/wp\/v2\/comments?post=123870"}],"version-history":[{"count":1,"href":"https:\/\/www.caririemacao.com\/1\/wp-json\/wp\/v2\/posts\/123870\/revisions"}],"predecessor-version":[{"id":123871,"href":"https:\/\/www.caririemacao.com\/1\/wp-json\/wp\/v2\/posts\/123870\/revisions\/123871"}],"wp:featuredmedia":[{"embeddable":true,"href":"https:\/\/www.caririemacao.com\/1\/wp-json\/wp\/v2\/media\/52127"}],"wp:attachment":[{"href":"https:\/\/www.caririemacao.com\/1\/wp-json\/wp\/v2\/media?parent=123870"}],"wp:term":[{"taxonomy":"category","embeddable":true,"href":"https:\/\/www.caririemacao.com\/1\/wp-json\/wp\/v2\/categories?post=123870"},{"taxonomy":"post_tag","embeddable":true,"href":"https:\/\/www.caririemacao.com\/1\/wp-json\/wp\/v2\/tags?post=123870"}],"curies":[{"name":"wp","href":"https:\/\/api.w.org\/{rel}","templated":true}]}}