{"id":123882,"date":"2019-10-07T00:38:48","date_gmt":"2019-10-07T03:38:48","guid":{"rendered":"http:\/\/www.caririemacao.com\/1\/?p=123882"},"modified":"2019-10-07T10:55:28","modified_gmt":"2019-10-07T13:55:28","slug":"resultado-final-sumeenses-elegem-os-cinco-novos-conselheiros-tutelares","status":"publish","type":"post","link":"https:\/\/www.caririemacao.com\/1\/2019\/10\/07\/resultado-final-sumeenses-elegem-os-cinco-novos-conselheiros-tutelares\/","title":{"rendered":"RESULTADO FINAL: Sumeenses elegem os cinco novos conselheiros tutelares"},"content":{"rendered":"\n<p>A cidade de Sum\u00e9 j\u00e1 tem seus cinco novos conselheiros\ntutelares eleitos. <\/p>\n\n\n\n<p>Confira abaixo os eleitos:<\/p>\n\n\n\n<table class=\"wp-block-table\"><tbody><tr><td>Coloca\u00e7\u00e3o<\/td><td>Sum\u00e9<\/td><td>Votos<\/td><td>Titular ou Suplente<\/td><\/tr><tr><td>1\u00ba Lugar<\/td><td>Lunga<\/td><td>747<\/td><td>Titular<\/td><\/tr><tr><td>2\u00ba Lugar<\/td><td>Pot\u00f3<\/td><td>647<\/td><td>Titular<\/td><\/tr><tr><td>3\u00ba Lugar<\/td><td>Geraldo <\/td><td>552<\/td><td>Titular<\/td><\/tr><tr><td>4\u00ba Lugar<\/td><td>Viviane <\/td><td>537<\/td><td>Titular<\/td><\/tr><tr><td>5\u00ba Lugar<\/td><td>Dere<\/td><td>469<\/td><td>Titular<\/td><\/tr><tr><td>6\u00ba Lugar<\/td><td>D\u00e9bora<\/td><td>455<\/td><td>Suplente<\/td><\/tr><tr><td>7\u00ba Lugar<\/td><td> Lucineide  <\/td><td>369<\/td><td>Suplente<\/td><\/tr><tr><td>8\u00ba Lugar<\/td><td> Lucineia <\/td><td>344<\/td><td>Suplente<\/td><\/tr><tr><td>9\u00ba Lugar<\/td><td> \u00cdris <\/td><td>330<\/td><td>Suplente<\/td><\/tr><tr><td>10\u00ba Lugar<\/td><td>Veronica<\/td><td>320<\/td><td>Suplente<\/td><\/tr><\/tbody><\/table>\n","protected":false},"excerpt":{"rendered":"<p>A cidade de Sum\u00e9 j\u00e1 tem seus cinco novos conselheiros tutelares eleitos. Confira abaixo os eleitos: Coloca\u00e7\u00e3o Sum\u00e9 Votos Titular ou Suplente 1\u00ba Lugar Lunga&hellip; <\/p>\n","protected":false},"author":2,"featured_media":88921,"comment_status":"closed","ping_status":"closed","sticky":false,"template":"","format":"standard","meta":{"sfsi_plus_gutenberg_text_before_share":"","sfsi_plus_gutenberg_show_text_before_share":"","sfsi_plus_gutenberg_icon_type":"","sfsi_plus_gutenberg_icon_alignemt":"","sfsi_plus_gutenburg_max_per_row":"","footnotes":""},"categories":[6,50],"tags":[],"class_list":["post-123882","post","type-post","status-publish","format-standard","has-post-thumbnail","hentry","category-cidades","category-destaque"],"_links":{"self":[{"href":"https:\/\/www.caririemacao.com\/1\/wp-json\/wp\/v2\/posts\/123882","targetHints":{"allow":["GET"]}}],"collection":[{"href":"https:\/\/www.caririemacao.com\/1\/wp-json\/wp\/v2\/posts"}],"about":[{"href":"https:\/\/www.caririemacao.com\/1\/wp-json\/wp\/v2\/types\/post"}],"author":[{"embeddable":true,"href":"https:\/\/www.caririemacao.com\/1\/wp-json\/wp\/v2\/users\/2"}],"replies":[{"embeddable":true,"href":"https:\/\/www.caririemacao.com\/1\/wp-json\/wp\/v2\/comments?post=123882"}],"version-history":[{"count":4,"href":"https:\/\/www.caririemacao.com\/1\/wp-json\/wp\/v2\/posts\/123882\/revisions"}],"predecessor-version":[{"id":124111,"href":"https:\/\/www.caririemacao.com\/1\/wp-json\/wp\/v2\/posts\/123882\/revisions\/124111"}],"wp:featuredmedia":[{"embeddable":true,"href":"https:\/\/www.caririemacao.com\/1\/wp-json\/wp\/v2\/media\/88921"}],"wp:attachment":[{"href":"https:\/\/www.caririemacao.com\/1\/wp-json\/wp\/v2\/media?parent=123882"}],"wp:term":[{"taxonomy":"category","embeddable":true,"href":"https:\/\/www.caririemacao.com\/1\/wp-json\/wp\/v2\/categories?post=123882"},{"taxonomy":"post_tag","embeddable":true,"href":"https:\/\/www.caririemacao.com\/1\/wp-json\/wp\/v2\/tags?post=123882"}],"curies":[{"name":"wp","href":"https:\/\/api.w.org\/{rel}","templated":true}]}}