{"id":123884,"date":"2019-10-07T01:47:58","date_gmt":"2019-10-07T04:47:58","guid":{"rendered":"http:\/\/www.caririemacao.com\/1\/?p=123884"},"modified":"2019-10-07T10:59:15","modified_gmt":"2019-10-07T13:59:15","slug":"resumo-caririzeiros-vao-as-urnas-para-eleicoes-do-conselho-tutelar","status":"publish","type":"post","link":"https:\/\/www.caririemacao.com\/1\/2019\/10\/07\/resumo-caririzeiros-vao-as-urnas-para-eleicoes-do-conselho-tutelar\/","title":{"rendered":"RESUMO: Confira os resultados das Elei\u00e7\u00f5es do Conselho Tutelar nas cidades do Cariri"},"content":{"rendered":"\n<p>As elei\u00e7\u00f5es para a escolha dos conselheiros tutelares come\u00e7ou\n\u00e0s 8h deste domingo (6) e terminou \u00e0s 17h. Os caririzeiros foram \u00e0s urnas para\nparticipar do pleito. <\/p>\n\n\n\n<p>Encerrada a vota\u00e7\u00e3o, as comiss\u00f5es eleitorais iniciaram o processo de apura\u00e7\u00e3o dos votos. Os resultados foram divulgados pelos Cariri em A\u00e7\u00e3o na integra. <\/p>\n\n\n\n<p>CLIQUE no LINK abaixo e confira os resultados por cidade:<\/p>\n\n\n\n<p><strong>Amparo  <\/strong><\/p>\n\n\n\n<p>JO\u00c3O PAULO \u2013 293 VOTOS<\/p>\n\n\n\n<p>ANDREIA DE BIDOLA \u2013 255 VOTOS<\/p>\n\n\n\n<p>DANIEL PINTO \u2013 229 VOTOS<\/p>\n\n\n\n<p>MERINHA \u2013 212 VOTOS<\/p>\n\n\n\n<p>F\u00c1TIMA \u2013 206 VOTOS<\/p>\n\n\n\n<p><strong>Barra de S\u00e3o Miguel<\/strong><\/p>\n\n\n\n<p>RITA DE C\u00c1SSIA \u2013 246 VOTOS<\/p>\n\n\n\n<p>FABRICIA \u2013 244 VOTOS<\/p>\n\n\n\n<p>MIM DE MARIA \u2013 165 VOTOS<\/p>\n\n\n\n<p>D\u00c9BORA ALMEIDA \u2013 142&nbsp; VOTOS<\/p>\n\n\n\n<p>FRANCIMAR \u2013 138 VOTOS<\/p>\n\n\n\n<p><a href=\"http:\/\/www.caririemacao.com\/1\/2019\/10\/07\/resultado-boa-vista-escolhe-os-cinco-novos-conselheiros-tutelares\/\">Boa Vista<\/a><\/p>\n\n\n\n<p><a href=\"http:\/\/www.caririemacao.com\/1\/2019\/10\/06\/resultado-cabaceiras-elege-os-novos-conselheiros-tutelares\/\">Cabaceiras<\/a><\/p>\n\n\n\n<p><a href=\"http:\/\/www.caririemacao.com\/1\/2019\/10\/06\/resultado-camalau-elege-os-novos-conselheiros-tutelares\/\">Camala\u00fa<\/a><\/p>\n\n\n\n<p><a href=\"http:\/\/www.caririemacao.com\/1\/2019\/10\/07\/resultado-final-caraubenses-elegem-os-cinco-novos-conselheiros-tutelares\/\">Cara\u00fabas<\/a><\/p>\n\n\n\n<p><a href=\"http:\/\/www.caririemacao.com\/1\/2019\/10\/06\/resultado-congo-elege-os-novos-conselheiros-tutelares\/\">Congo<\/a><\/p>\n\n\n\n<p><strong>Coxixola<\/strong><\/p>\n\n\n\n<p>JANA\u00cdNA SOUZA \u2013 283 VOTOS<\/p>\n\n\n\n<p>ANDRESSA NEVES \u2013 263&nbsp; VOTOS<\/p>\n\n\n\n<p>ROBES BRAZ \u2013 252 VOTOS<\/p>\n\n\n\n<p>JORD\u00c2NIA PEREIRA \u2013 228 VOTOS<\/p>\n\n\n\n<p>DAIANA ARA\u00daJO \u2013 222 VOTOS<\/p>\n\n\n\n<p><a href=\"http:\/\/www.caririemacao.com\/1\/2019\/10\/07\/resultado-gurjao-escolhe-os-cinco-novos-conselheiros-tutelares\/\">Gurj\u00e3o<\/a><\/p>\n\n\n\n<p><a href=\"http:\/\/www.caririemacao.com\/1\/2019\/10\/07\/resultado-livrametenses-escolhem-os-cinco-novos-conselheiros-tutelares\/\">Livramento<\/a><\/p>\n\n\n\n<p><a href=\"http:\/\/www.caririemacao.com\/1\/2019\/10\/06\/resultado-monteiro-elege-os-novos-conselheiros-tutelares\/\">Monteiro<\/a><\/p>\n\n\n\n<p><a href=\"http:\/\/www.caririemacao.com\/1\/2019\/10\/06\/resultado-ouro-velho-novos-conselheiros-tutelares\/\">Ouro Velho<\/a><\/p>\n\n\n\n<p><a href=\"http:\/\/www.caririemacao.com\/1\/2019\/10\/06\/resultado-parari-elege-os-novos-conselheiros-tutelares\/\">Parari<\/a><\/p>\n\n\n\n<p><a href=\"http:\/\/www.caririemacao.com\/1\/2019\/10\/06\/resultado-serra-branca-elege-os-novos-conselheiros-tutelares\/\">Prata<\/a><\/p>\n\n\n\n<p><a href=\"http:\/\/www.caririemacao.com\/1\/2019\/10\/07\/resultado-santo-andre-ja-tem-os-cinco-novos-conselheiros-tutelares\/\">Santo Andr\u00e9<\/a><\/p>\n\n\n\n<p><a href=\"http:\/\/www.caririemacao.com\/1\/2019\/10\/07\/resultado-sao-domingos-do-cariri-elege-cinco-novos-conselheiros-tutelares\/\">S\u00e3o Domingos do Cariri<\/a><\/p>\n\n\n\n<p><a href=\"http:\/\/www.caririemacao.com\/1\/2019\/10\/06\/resultado-sao-joao-do-cariri-elege-os-novos-conselheiros-tutelares\/\">S\u00e3o Jo\u00e3o do Cariri<\/a><\/p>\n\n\n\n<p><strong>S\u00e3o Jo\u00e3o do Tigre <\/strong><\/p>\n\n\n\n<p>MICHELY DE MAN\u00c9 \u2013 860 VOTOS<\/p>\n\n\n\n<p>PITUCA \u2013 726 VOTOS<\/p>\n\n\n\n<p>ROBSON \u2013 627 VOTOS<\/p>\n\n\n\n<p>FOFA DE PAULINO \u2013 448 VOTOS<\/p>\n\n\n\n<p>NINA \u2013 434 VOTOS<\/p>\n\n\n\n<p><a href=\"http:\/\/www.caririemacao.com\/1\/2019\/10\/06\/resultado-sao-jose-dos-cordeiros-elege-os-novos-conselheiros-tutelares\/\">S\u00e3o Jos\u00e9 dos Cordeiros<\/a><\/p>\n\n\n\n<p><a href=\"http:\/\/www.caririemacao.com\/1\/2019\/10\/06\/resultado-sao-sebastiao-do-umbuzeiro-elege-os-novos-conselheiros-tutelares\/\">S\u00e3o Sebasti\u00e3o do Umbuzeiro<\/a><\/p>\n\n\n\n<p><a href=\"http:\/\/www.caririemacao.com\/1\/2019\/10\/06\/resultado-serra-branca-elege-os-novos-conselheiros-tutelares\/\">Serra Branca<\/a><\/p>\n\n\n\n<p><a href=\"http:\/\/www.caririemacao.com\/1\/2019\/10\/07\/resultado-final-sumeenses-elegem-os-cinco-novos-conselheiros-tutelares\/\">Sum\u00e9<\/a><\/p>\n\n\n\n<p><a href=\"http:\/\/www.caririemacao.com\/1\/2019\/10\/07\/resultado-zabele-escolhe-os-cinco-novos-conselheiros-tutelares\/ \">Zabel\u00ea<\/a><\/p>\n","protected":false},"excerpt":{"rendered":"<p>As elei\u00e7\u00f5es para a escolha dos conselheiros tutelares come\u00e7ou \u00e0s 8h deste domingo (6) e terminou \u00e0s 17h. Os caririzeiros foram \u00e0s urnas para participar&hellip; <\/p>\n","protected":false},"author":2,"featured_media":123899,"comment_status":"closed","ping_status":"closed","sticky":false,"template":"","format":"standard","meta":{"sfsi_plus_gutenberg_text_before_share":"","sfsi_plus_gutenberg_show_text_before_share":"","sfsi_plus_gutenberg_icon_type":"","sfsi_plus_gutenberg_icon_alignemt":"","sfsi_plus_gutenburg_max_per_row":"","footnotes":""},"categories":[50,2],"tags":[],"class_list":["post-123884","post","type-post","status-publish","format-standard","has-post-thumbnail","hentry","category-destaque","category-geral"],"_links":{"self":[{"href":"https:\/\/www.caririemacao.com\/1\/wp-json\/wp\/v2\/posts\/123884","targetHints":{"allow":["GET"]}}],"collection":[{"href":"https:\/\/www.caririemacao.com\/1\/wp-json\/wp\/v2\/posts"}],"about":[{"href":"https:\/\/www.caririemacao.com\/1\/wp-json\/wp\/v2\/types\/post"}],"author":[{"embeddable":true,"href":"https:\/\/www.caririemacao.com\/1\/wp-json\/wp\/v2\/users\/2"}],"replies":[{"embeddable":true,"href":"https:\/\/www.caririemacao.com\/1\/wp-json\/wp\/v2\/comments?post=123884"}],"version-history":[{"count":7,"href":"https:\/\/www.caririemacao.com\/1\/wp-json\/wp\/v2\/posts\/123884\/revisions"}],"predecessor-version":[{"id":124112,"href":"https:\/\/www.caririemacao.com\/1\/wp-json\/wp\/v2\/posts\/123884\/revisions\/124112"}],"wp:featuredmedia":[{"embeddable":true,"href":"https:\/\/www.caririemacao.com\/1\/wp-json\/wp\/v2\/media\/123899"}],"wp:attachment":[{"href":"https:\/\/www.caririemacao.com\/1\/wp-json\/wp\/v2\/media?parent=123884"}],"wp:term":[{"taxonomy":"category","embeddable":true,"href":"https:\/\/www.caririemacao.com\/1\/wp-json\/wp\/v2\/categories?post=123884"},{"taxonomy":"post_tag","embeddable":true,"href":"https:\/\/www.caririemacao.com\/1\/wp-json\/wp\/v2\/tags?post=123884"}],"curies":[{"name":"wp","href":"https:\/\/api.w.org\/{rel}","templated":true}]}}