{"id":123925,"date":"2019-10-07T07:18:46","date_gmt":"2019-10-07T10:18:46","guid":{"rendered":"http:\/\/www.caririemacao.com\/1\/?p=123925"},"modified":"2019-10-07T07:18:46","modified_gmt":"2019-10-07T10:18:46","slug":"eleicao-do-conselho-tutelar-e-anulada-em-cidade-da-regiao-da-grande-guarabira","status":"publish","type":"post","link":"https:\/\/www.caririemacao.com\/1\/2019\/10\/07\/eleicao-do-conselho-tutelar-e-anulada-em-cidade-da-regiao-da-grande-guarabira\/","title":{"rendered":"Elei\u00e7\u00e3o do Conselho Tutelar \u00e9 anulada em cidade da regi\u00e3o da grande Guarabira"},"content":{"rendered":"\n<p> A elei\u00e7\u00e3o para a escolha dos novos integrantes do Conselho Tutelar do munic\u00edpio de Pil\u00f5ezinhos, na regi\u00e3o da grande Guarabira, no brejo paraibano, foi anulada. O pleito, organizado pelo Conselho Municipal dos Direitos da Crian\u00e7a e do Adolescente, ocorreu neste domingo (06) na Escola Municipal Marlene Alves Mendes.Segundo informa\u00e7\u00f5es do radialista\u00a0<a href=\"http:\/\/www.manchetepb.com\/eleicao-do-conselho-tutelar-de-piloezinhos-e-anulada\/\">Rafael San publicadas em seu blog<\/a>, na apura\u00e7\u00e3o, observou-se que o n\u00famero de c\u00e9dulas nas urnas era maior do que a lista de presen\u00e7a. Como o n\u00famero de votantes \u201cassinantes\u201d era menor do que os votos computados, a elei\u00e7\u00e3o foi anulada.A data do pr\u00f3ximo pleito ser\u00e1 comunicada oficialmente. Como foi a primeira vez que uma disputa foi anulada no munic\u00edpio, o assunto tomou as ruas e rodas de conversar.<\/p>\n","protected":false},"excerpt":{"rendered":"<p>A elei\u00e7\u00e3o para a escolha dos novos integrantes do Conselho Tutelar do munic\u00edpio de Pil\u00f5ezinhos, na regi\u00e3o da grande Guarabira, no brejo paraibano, foi anulada.&hellip; <\/p>\n","protected":false},"author":1,"featured_media":123927,"comment_status":"closed","ping_status":"closed","sticky":false,"template":"","format":"standard","meta":{"sfsi_plus_gutenberg_text_before_share":"","sfsi_plus_gutenberg_show_text_before_share":"","sfsi_plus_gutenberg_icon_type":"","sfsi_plus_gutenberg_icon_alignemt":"","sfsi_plus_gutenburg_max_per_row":"","footnotes":""},"categories":[2],"tags":[],"class_list":["post-123925","post","type-post","status-publish","format-standard","has-post-thumbnail","hentry","category-geral"],"_links":{"self":[{"href":"https:\/\/www.caririemacao.com\/1\/wp-json\/wp\/v2\/posts\/123925","targetHints":{"allow":["GET"]}}],"collection":[{"href":"https:\/\/www.caririemacao.com\/1\/wp-json\/wp\/v2\/posts"}],"about":[{"href":"https:\/\/www.caririemacao.com\/1\/wp-json\/wp\/v2\/types\/post"}],"author":[{"embeddable":true,"href":"https:\/\/www.caririemacao.com\/1\/wp-json\/wp\/v2\/users\/1"}],"replies":[{"embeddable":true,"href":"https:\/\/www.caririemacao.com\/1\/wp-json\/wp\/v2\/comments?post=123925"}],"version-history":[{"count":1,"href":"https:\/\/www.caririemacao.com\/1\/wp-json\/wp\/v2\/posts\/123925\/revisions"}],"predecessor-version":[{"id":123928,"href":"https:\/\/www.caririemacao.com\/1\/wp-json\/wp\/v2\/posts\/123925\/revisions\/123928"}],"wp:featuredmedia":[{"embeddable":true,"href":"https:\/\/www.caririemacao.com\/1\/wp-json\/wp\/v2\/media\/123927"}],"wp:attachment":[{"href":"https:\/\/www.caririemacao.com\/1\/wp-json\/wp\/v2\/media?parent=123925"}],"wp:term":[{"taxonomy":"category","embeddable":true,"href":"https:\/\/www.caririemacao.com\/1\/wp-json\/wp\/v2\/categories?post=123925"},{"taxonomy":"post_tag","embeddable":true,"href":"https:\/\/www.caririemacao.com\/1\/wp-json\/wp\/v2\/tags?post=123925"}],"curies":[{"name":"wp","href":"https:\/\/api.w.org\/{rel}","templated":true}]}}