{"id":123933,"date":"2019-10-07T07:23:57","date_gmt":"2019-10-07T10:23:57","guid":{"rendered":"http:\/\/www.caririemacao.com\/1\/?p=123933"},"modified":"2019-10-07T07:23:57","modified_gmt":"2019-10-07T10:23:57","slug":"exclusivo-resultado-dos-eleitos-para-o-conselho-tutelar-de-sertania-veja","status":"publish","type":"post","link":"https:\/\/www.caririemacao.com\/1\/2019\/10\/07\/exclusivo-resultado-dos-eleitos-para-o-conselho-tutelar-de-sertania-veja\/","title":{"rendered":"Exclusivo resultado dos eleitos para o conselho tutelar de Sert\u00e2nia. Veja"},"content":{"rendered":"\n<p><\/p>\n\n\n\n<p>Tribuna do Moxot\u00f3 traz o resultado dos eleitos e dos suplentes para o Conselho tutelar de Sert\u00e2nia. Apenas um conselheiro dos conselheiro atual foi reeleito. Apenas Tiago Medeiros, o restante eleito pelo eleitorado de Sert\u00e2nia, s\u00e3o estreantes. Renova\u00e7\u00e3o quase completa, inclusive dos suplentes.<\/p>\n\n\n\n<p>Veja os eleitos e os suplentes:<\/p>\n\n\n\n<ol class=\"wp-block-list\"><li><strong>Gustavo 549<\/strong><\/li><li><strong>Carla 383<\/strong><\/li><li><strong>Thiago 362<\/strong><\/li><li><strong>Geovane 290<\/strong><\/li><li><strong>Adriano 266<\/strong><\/li><\/ol>\n\n\n\n<p>Suplentes<\/p>\n\n\n\n<p>6. Lisgeovana 242<br>7. Natalia 232<br>8. Heleno 220<br>9. Cei\u00e7a 185<br>10. Daniel Gouveia \u2013 182<br>11.&nbsp;Ailton J\u00fanior 182<br><\/p>\n","protected":false},"excerpt":{"rendered":"<p>Tribuna do Moxot\u00f3 traz o resultado dos eleitos e dos suplentes para o Conselho tutelar de Sert\u00e2nia. Apenas um conselheiro dos conselheiro atual foi reeleito.&hellip; <\/p>\n","protected":false},"author":1,"featured_media":123935,"comment_status":"closed","ping_status":"closed","sticky":false,"template":"","format":"standard","meta":{"sfsi_plus_gutenberg_text_before_share":"","sfsi_plus_gutenberg_show_text_before_share":"","sfsi_plus_gutenberg_icon_type":"","sfsi_plus_gutenberg_icon_alignemt":"","sfsi_plus_gutenburg_max_per_row":"","footnotes":""},"categories":[2],"tags":[],"class_list":["post-123933","post","type-post","status-publish","format-standard","has-post-thumbnail","hentry","category-geral"],"_links":{"self":[{"href":"https:\/\/www.caririemacao.com\/1\/wp-json\/wp\/v2\/posts\/123933","targetHints":{"allow":["GET"]}}],"collection":[{"href":"https:\/\/www.caririemacao.com\/1\/wp-json\/wp\/v2\/posts"}],"about":[{"href":"https:\/\/www.caririemacao.com\/1\/wp-json\/wp\/v2\/types\/post"}],"author":[{"embeddable":true,"href":"https:\/\/www.caririemacao.com\/1\/wp-json\/wp\/v2\/users\/1"}],"replies":[{"embeddable":true,"href":"https:\/\/www.caririemacao.com\/1\/wp-json\/wp\/v2\/comments?post=123933"}],"version-history":[{"count":1,"href":"https:\/\/www.caririemacao.com\/1\/wp-json\/wp\/v2\/posts\/123933\/revisions"}],"predecessor-version":[{"id":123936,"href":"https:\/\/www.caririemacao.com\/1\/wp-json\/wp\/v2\/posts\/123933\/revisions\/123936"}],"wp:featuredmedia":[{"embeddable":true,"href":"https:\/\/www.caririemacao.com\/1\/wp-json\/wp\/v2\/media\/123935"}],"wp:attachment":[{"href":"https:\/\/www.caririemacao.com\/1\/wp-json\/wp\/v2\/media?parent=123933"}],"wp:term":[{"taxonomy":"category","embeddable":true,"href":"https:\/\/www.caririemacao.com\/1\/wp-json\/wp\/v2\/categories?post=123933"},{"taxonomy":"post_tag","embeddable":true,"href":"https:\/\/www.caririemacao.com\/1\/wp-json\/wp\/v2\/tags?post=123933"}],"curies":[{"name":"wp","href":"https:\/\/api.w.org\/{rel}","templated":true}]}}