{"id":123945,"date":"2019-10-07T07:26:10","date_gmt":"2019-10-07T10:26:10","guid":{"rendered":"http:\/\/www.caririemacao.com\/1\/?p=123945"},"modified":"2019-10-07T07:26:10","modified_gmt":"2019-10-07T10:26:10","slug":"terminam-hoje-as-inscricoes-para-o-concurso-da-fundac-com-400-vagas","status":"publish","type":"post","link":"https:\/\/www.caririemacao.com\/1\/2019\/10\/07\/terminam-hoje-as-inscricoes-para-o-concurso-da-fundac-com-400-vagas\/","title":{"rendered":"Terminam hoje as inscri\u00e7\u00f5es para o concurso da Fundac com 400 vagas"},"content":{"rendered":"\n<p>Terminam nesta segunda-feira(7), as inscri\u00e7\u00f5es para o concurso da&nbsp;Funda\u00e7\u00e3o de Desenvolvimento da Crian\u00e7a e do Adolescente (Fundac)&nbsp;com 400 vagas.&nbsp;&nbsp;As vagas s\u00e3o para o cargo de Agente Socioeducativo, com remunera\u00e7\u00e3o total que pode chegar a R$ R$ 1.617,20, incluindo o vencimento b\u00e1sico, gratifica\u00e7\u00e3o de Atividade Especial e de risco (40%) eaux\u00edlio alimenta\u00e7\u00e3o.&nbsp;<\/p>\n\n\n\n<p><a href=\"https:\/\/www.clickpb.com.br\/media\/filer_public\/5c\/4a\/5c4aa438-dc9d-41d3-acf9-1f0d18cad5fb\/diario-oficial-03-09-2019_1.pdf\">Confira o edital&nbsp;<\/a>a partir da p\u00e1gina 11<\/p>\n\n\n\n<p>As inscri\u00e7\u00f5es podem ser realizadas atrav\u00e9s do site&nbsp;<a href=\"http:\/\/www.ibade.org.br\/\">da empresa&nbsp;organizadora do concurso<\/a>.O valor da inscri\u00e7\u00e3o ser\u00e1 de R$ 56,00.&nbsp;<\/p>\n\n\n\n<p>As vagas s\u00e3o para os munic\u00edpios de Jo\u00e3o Pessoa, Bayeux, Cabedelo, Santa Rita, Mamanguape, Rio Tinto, Sap\u00e9, Itabaiana, Guarabira, Lagoa Seca, Campina Grande, Alagoa Grande, Bananeiras, Monteiro, Sousa, Santa Luzia, Patos, Pianc\u00f3, Itaporanga, Concei\u00e7\u00e3o, Uira\u00fana e Cajazeiras.<\/p>\n\n\n\n<p>A realiza\u00e7\u00e3o da Prova Objetiva est\u00e1 marcada para o dia 27 de outubro.<\/p>\n","protected":false},"excerpt":{"rendered":"<p>Terminam nesta segunda-feira(7), as inscri\u00e7\u00f5es para o concurso da&nbsp;Funda\u00e7\u00e3o de Desenvolvimento da Crian\u00e7a e do Adolescente (Fundac)&nbsp;com 400 vagas.&nbsp;&nbsp;As vagas s\u00e3o para o cargo de&hellip; <\/p>\n","protected":false},"author":1,"featured_media":114732,"comment_status":"closed","ping_status":"closed","sticky":false,"template":"","format":"standard","meta":{"sfsi_plus_gutenberg_text_before_share":"","sfsi_plus_gutenberg_show_text_before_share":"","sfsi_plus_gutenberg_icon_type":"","sfsi_plus_gutenberg_icon_alignemt":"","sfsi_plus_gutenburg_max_per_row":"","footnotes":""},"categories":[6],"tags":[],"class_list":["post-123945","post","type-post","status-publish","format-standard","has-post-thumbnail","hentry","category-cidades"],"_links":{"self":[{"href":"https:\/\/www.caririemacao.com\/1\/wp-json\/wp\/v2\/posts\/123945","targetHints":{"allow":["GET"]}}],"collection":[{"href":"https:\/\/www.caririemacao.com\/1\/wp-json\/wp\/v2\/posts"}],"about":[{"href":"https:\/\/www.caririemacao.com\/1\/wp-json\/wp\/v2\/types\/post"}],"author":[{"embeddable":true,"href":"https:\/\/www.caririemacao.com\/1\/wp-json\/wp\/v2\/users\/1"}],"replies":[{"embeddable":true,"href":"https:\/\/www.caririemacao.com\/1\/wp-json\/wp\/v2\/comments?post=123945"}],"version-history":[{"count":1,"href":"https:\/\/www.caririemacao.com\/1\/wp-json\/wp\/v2\/posts\/123945\/revisions"}],"predecessor-version":[{"id":123947,"href":"https:\/\/www.caririemacao.com\/1\/wp-json\/wp\/v2\/posts\/123945\/revisions\/123947"}],"wp:featuredmedia":[{"embeddable":true,"href":"https:\/\/www.caririemacao.com\/1\/wp-json\/wp\/v2\/media\/114732"}],"wp:attachment":[{"href":"https:\/\/www.caririemacao.com\/1\/wp-json\/wp\/v2\/media?parent=123945"}],"wp:term":[{"taxonomy":"category","embeddable":true,"href":"https:\/\/www.caririemacao.com\/1\/wp-json\/wp\/v2\/categories?post=123945"},{"taxonomy":"post_tag","embeddable":true,"href":"https:\/\/www.caririemacao.com\/1\/wp-json\/wp\/v2\/tags?post=123945"}],"curies":[{"name":"wp","href":"https:\/\/api.w.org\/{rel}","templated":true}]}}