{"id":123956,"date":"2019-10-07T07:27:34","date_gmt":"2019-10-07T10:27:34","guid":{"rendered":"http:\/\/www.caririemacao.com\/1\/?p=123956"},"modified":"2019-10-07T07:27:34","modified_gmt":"2019-10-07T10:27:34","slug":"campanha-de-vacinacao-contra-sarampo-comeca-nesta-segunda-feira","status":"publish","type":"post","link":"https:\/\/www.caririemacao.com\/1\/2019\/10\/07\/campanha-de-vacinacao-contra-sarampo-comeca-nesta-segunda-feira\/","title":{"rendered":"Campanha de Vacina\u00e7\u00e3o contra sarampo come\u00e7a nesta segunda-feira"},"content":{"rendered":"\n<p>A campanha de vacina\u00e7\u00e3o contra o sarampo para crian\u00e7as menores de cinco anos de idade come\u00e7a nesta&nbsp;segunda-feira (07) e segue at\u00e9 o dia 25 de outubro.&nbsp;O dia D da campanha acontece no dia 19 de outubro.<\/p>\n\n\n\n<p>No m\u00eas de novembro existe a previs\u00e3o de uma campanha de vacina\u00e7\u00e3o contra o sarampo para adultos entre 20 e 29 anos de idade que n\u00e3o foram vacinados.<\/p>\n\n\n\n<p>A campanha \u00e9 exclusiva para crian\u00e7as de seis 6 a meses a menores de 5 anos que n\u00e3o est\u00e3o com esquema vacinal completo. A campanha ser\u00e1 feita ap\u00f3s os casos de sarampo que v\u00eam sendo registrados recentemente.<\/p>\n\n\n\n<p>O Estado da Para\u00edba, at\u00e9 o momento, est\u00e1 com 89,51% de cobertura vacinal. Em 2018, atingiu 95,77% de cobertura vacinal contra o sarampo. As crian\u00e7as desenvolvem a forma mais agravada da doen\u00e7a, que pode levar a \u00f3bito.<\/p>\n\n\n\n<p>Apesar da campanha nacional n\u00e3o ter uma meta para ser atingida, a \u201cSES tem o objetivo de ampliar a homogeneidade e, assim, acabar com os bols\u00f5es de suscetibilidade\u201d, explicou Isiane Queiroga, chefe do N\u00facleo de Imuniza\u00e7\u00f5es da Para\u00edba.<\/p>\n\n\n\n<p>A campanha este ano \u00e9 apenas para as crian\u00e7as que n\u00e3o foram vacinadas com as doses previstas no calend\u00e1rio nacional de vacina\u00e7\u00e3o.&nbsp;<\/p>\n\n\n\n<p>\u201cEsta campanha \u00e9 toda seletiva, ent\u00e3o, se a crian\u00e7a estiver em dia, n\u00e3o ser\u00e1 vacinada\u201d, refor\u00e7a Isiane.&nbsp;<\/p>\n\n\n\n<p>A vacina \u00e9 a \u00fanica forma de preven\u00e7\u00e3o da doen\u00e7a e garante aproximadamente 95% de imunidade duradoura por toda a vida, se tomada corretamente, de acordo com o previsto no calend\u00e1rio de vacina\u00e7\u00e3o. Portanto, \u00e9 importante que os pais levem o cart\u00e3o de vacina\u00e7\u00e3o para ser avaliado.<\/p>\n\n\n\n<p>A Para\u00edba conta com um total de 166 notifica\u00e7\u00f5es suspeitas para sarampo, das quais oito foram confirmadas, de acordo com o \u00faltimo boletim emitido pela SES. Por enquanto, a campanha foi pensada de forma seletiva, para ampliar a cobertura vacinal nos estados e vacinar as faixas mais vulner\u00e1veis ao sarampo.<\/p>\n\n\n\n<p>Para a gerente executiva de Vigil\u00e2ncia em Sa\u00fade, Talita Tavares, \u00e9 preciso um esfor\u00e7o coletivo dos gestores municipais e consci\u00eancia da popula\u00e7\u00e3o para que a circula\u00e7\u00e3o do v\u00edrus diminua na Para\u00edba.&nbsp;<\/p>\n\n\n\n<p>\u201cO objetivo \u00e9 manter um alto n\u00edvel de imunidade na popula\u00e7\u00e3o reduzindo a possibilidade da ocorr\u00eancia da doen\u00e7a\u201d, frisa a gerente.&nbsp;<\/p>\n\n\n\n<p>Entre os meses de julho e setembro, 183.895 doses de vacina contra o sarampo foram distribu\u00eddas para os 223 munic\u00edpios, cerca de 600% a mais do que a m\u00e9dia hist\u00f3rica para este mesmo per\u00edodo.&nbsp;<\/p>\n\n\n\n<p>Campanha Nacional de Vacina\u00e7\u00e3o contra o Sarampo:<\/p>\n\n\n\n<p>1\u00aa fase: Crian\u00e7as de 6 meses a menores de 5 anos &#8211; 7 a 25 de outubro, com dia D no s\u00e1bado, 19 de outubro.<\/p>\n\n\n\n<p>2\u00aa fase: Adultos jovens de 20 a 29 anos, n\u00e3o vacinados \u2013 de 18 a 30 de novembro. Dia D, 30 de novembro.<\/p>\n","protected":false},"excerpt":{"rendered":"<p>A campanha de vacina\u00e7\u00e3o contra o sarampo para crian\u00e7as menores de cinco anos de idade come\u00e7a nesta&nbsp;segunda-feira (07) e segue at\u00e9 o dia 25 de&hellip; <\/p>\n","protected":false},"author":1,"featured_media":9699,"comment_status":"closed","ping_status":"closed","sticky":false,"template":"","format":"standard","meta":{"sfsi_plus_gutenberg_text_before_share":"","sfsi_plus_gutenberg_show_text_before_share":"","sfsi_plus_gutenberg_icon_type":"","sfsi_plus_gutenberg_icon_alignemt":"","sfsi_plus_gutenburg_max_per_row":"","footnotes":""},"categories":[16],"tags":[],"class_list":["post-123956","post","type-post","status-publish","format-standard","has-post-thumbnail","hentry","category-saude"],"_links":{"self":[{"href":"https:\/\/www.caririemacao.com\/1\/wp-json\/wp\/v2\/posts\/123956","targetHints":{"allow":["GET"]}}],"collection":[{"href":"https:\/\/www.caririemacao.com\/1\/wp-json\/wp\/v2\/posts"}],"about":[{"href":"https:\/\/www.caririemacao.com\/1\/wp-json\/wp\/v2\/types\/post"}],"author":[{"embeddable":true,"href":"https:\/\/www.caririemacao.com\/1\/wp-json\/wp\/v2\/users\/1"}],"replies":[{"embeddable":true,"href":"https:\/\/www.caririemacao.com\/1\/wp-json\/wp\/v2\/comments?post=123956"}],"version-history":[{"count":1,"href":"https:\/\/www.caririemacao.com\/1\/wp-json\/wp\/v2\/posts\/123956\/revisions"}],"predecessor-version":[{"id":123958,"href":"https:\/\/www.caririemacao.com\/1\/wp-json\/wp\/v2\/posts\/123956\/revisions\/123958"}],"wp:featuredmedia":[{"embeddable":true,"href":"https:\/\/www.caririemacao.com\/1\/wp-json\/wp\/v2\/media\/9699"}],"wp:attachment":[{"href":"https:\/\/www.caririemacao.com\/1\/wp-json\/wp\/v2\/media?parent=123956"}],"wp:term":[{"taxonomy":"category","embeddable":true,"href":"https:\/\/www.caririemacao.com\/1\/wp-json\/wp\/v2\/categories?post=123956"},{"taxonomy":"post_tag","embeddable":true,"href":"https:\/\/www.caririemacao.com\/1\/wp-json\/wp\/v2\/tags?post=123956"}],"curies":[{"name":"wp","href":"https:\/\/api.w.org\/{rel}","templated":true}]}}