{"id":123971,"date":"2019-10-07T08:16:08","date_gmt":"2019-10-07T11:16:08","guid":{"rendered":"http:\/\/www.caririemacao.com\/1\/?p=123971"},"modified":"2019-10-07T08:16:08","modified_gmt":"2019-10-07T11:16:08","slug":"pesquisa-sobre-saude-alimentar-das-criancas-inicia-hoje-mais-uma-fase","status":"publish","type":"post","link":"https:\/\/www.caririemacao.com\/1\/2019\/10\/07\/pesquisa-sobre-saude-alimentar-das-criancas-inicia-hoje-mais-uma-fase\/","title":{"rendered":"Pesquisa sobre sa\u00fade alimentar das crian\u00e7as inicia hoje mais uma fase"},"content":{"rendered":"\n<p>Come\u00e7a nesta segunda-feira (7) a pen\u00faltima etapa de um levantamento in\u00e9dito do Minist\u00e9rio da Sa\u00fade para saber como est\u00e1 a situa\u00e7\u00e3o de sa\u00fade e nutri\u00e7\u00e3o das crian\u00e7as de at\u00e9 5 anos de idade. O pesquisador vai medir o peso, a altura e coletar sangue para mapear a situa\u00e7\u00e3o de sa\u00fade desses brasileiros em todo o pa\u00eds.Na etapa que inicia hoje, ser\u00e3o visitadas 2.170 resid\u00eancias nos estados do Maranh\u00e3o, Piau\u00ed, Cear\u00e1, Par\u00e1 e Amap\u00e1, que integram o sexto ciclo do Estudo Nacional de Alimenta\u00e7\u00e3o e Nutri\u00e7\u00e3o Infantil (Enani).<\/p>\n\n\n\n<figure class=\"wp-block-image\"><img fetchpriority=\"high\" decoding=\"async\" width=\"300\" height=\"200\" src=\"http:\/\/www.caririemacao.com\/1\/wp-content\/uploads\/2019\/10\/image.jpeg\" alt=\"\" class=\"wp-image-123974\"\/><\/figure>\n\n\n\n<p>Os pesquisadores v\u00e3o colher dados sobre a sa\u00fade nutricional de crian\u00e7as at\u00e9 5 anos de idade &#8211; Wilson Dias\/Ag\u00eancia BrasilDesde mar\u00e7o, 11.300 casas em 17 estados j\u00e1 receberam a visita dos pesquisadores. At\u00e9 o fim do ano, todas as unidades da Federa\u00e7\u00e3o ser\u00e3o alcan\u00e7adas pelo estudo. Alagoas, Para\u00edba, Pernambuco, Rio Grande do Norte e Sergipe finalizam a pesquisa com a \u00faltima fase a partir de novembro. No total, ser\u00e3o estudados 15 mil domic\u00edlios em 123 munic\u00edpios de todo o pa\u00eds.Segundo o Minist\u00e9rio da Sa\u00fade, para confirmar a identidade do pesquisador, que estar\u00e1 com camisas e crach\u00e1 com o logotipo do minist\u00e9rio, a pessoa pode ligar na hora da visita para o telefone 0800 808 0990.Assim que chega ao local, o entrevistador explica os procedimentos e entrega um Termo de Consentimento Livre e Esclarecido, com detalhes da pesquisa e orienta\u00e7\u00f5es de como entrar em contato com a coordena\u00e7\u00e3o para tirar d\u00favidas.<\/p>\n","protected":false},"excerpt":{"rendered":"<p>Come\u00e7a nesta segunda-feira (7) a pen\u00faltima etapa de um levantamento in\u00e9dito do Minist\u00e9rio da Sa\u00fade para saber como est\u00e1 a situa\u00e7\u00e3o de sa\u00fade e nutri\u00e7\u00e3o&hellip; <\/p>\n","protected":false},"author":1,"featured_media":101879,"comment_status":"closed","ping_status":"closed","sticky":false,"template":"","format":"standard","meta":{"sfsi_plus_gutenberg_text_before_share":"","sfsi_plus_gutenberg_show_text_before_share":"","sfsi_plus_gutenberg_icon_type":"","sfsi_plus_gutenberg_icon_alignemt":"","sfsi_plus_gutenburg_max_per_row":"","footnotes":""},"categories":[16],"tags":[],"class_list":["post-123971","post","type-post","status-publish","format-standard","has-post-thumbnail","hentry","category-saude"],"_links":{"self":[{"href":"https:\/\/www.caririemacao.com\/1\/wp-json\/wp\/v2\/posts\/123971","targetHints":{"allow":["GET"]}}],"collection":[{"href":"https:\/\/www.caririemacao.com\/1\/wp-json\/wp\/v2\/posts"}],"about":[{"href":"https:\/\/www.caririemacao.com\/1\/wp-json\/wp\/v2\/types\/post"}],"author":[{"embeddable":true,"href":"https:\/\/www.caririemacao.com\/1\/wp-json\/wp\/v2\/users\/1"}],"replies":[{"embeddable":true,"href":"https:\/\/www.caririemacao.com\/1\/wp-json\/wp\/v2\/comments?post=123971"}],"version-history":[{"count":1,"href":"https:\/\/www.caririemacao.com\/1\/wp-json\/wp\/v2\/posts\/123971\/revisions"}],"predecessor-version":[{"id":123975,"href":"https:\/\/www.caririemacao.com\/1\/wp-json\/wp\/v2\/posts\/123971\/revisions\/123975"}],"wp:featuredmedia":[{"embeddable":true,"href":"https:\/\/www.caririemacao.com\/1\/wp-json\/wp\/v2\/media\/101879"}],"wp:attachment":[{"href":"https:\/\/www.caririemacao.com\/1\/wp-json\/wp\/v2\/media?parent=123971"}],"wp:term":[{"taxonomy":"category","embeddable":true,"href":"https:\/\/www.caririemacao.com\/1\/wp-json\/wp\/v2\/categories?post=123971"},{"taxonomy":"post_tag","embeddable":true,"href":"https:\/\/www.caririemacao.com\/1\/wp-json\/wp\/v2\/tags?post=123971"}],"curies":[{"name":"wp","href":"https:\/\/api.w.org\/{rel}","templated":true}]}}