{"id":124077,"date":"2019-10-07T09:33:59","date_gmt":"2019-10-07T12:33:59","guid":{"rendered":"http:\/\/www.caririemacao.com\/1\/?p=124077"},"modified":"2019-10-07T09:33:59","modified_gmt":"2019-10-07T12:33:59","slug":"eleicao-para-conselho-tutelar-tem-baixa-participacao-em-brasilia","status":"publish","type":"post","link":"https:\/\/www.caririemacao.com\/1\/2019\/10\/07\/eleicao-para-conselho-tutelar-tem-baixa-participacao-em-brasilia\/","title":{"rendered":"Elei\u00e7\u00e3o para conselho tutelar tem baixa participa\u00e7\u00e3o em Bras\u00edlia"},"content":{"rendered":"\n<p>As elei\u00e7\u00f5es para os conselheiros tutelares com mandato de 2020 a 2023, realizada hoje (6) em todo o pa\u00eds, contaram com a participa\u00e7\u00e3o de brasilienses que nunca haviam votado anteriormente. Para representar o Distrito Federal, est\u00e3o sendo escolhidos 200 nomes, distribu\u00eddos entre os 40 conselhos da unidade federativa, al\u00e9m de 400 suplentes. Mais de 800 candidatos disputam as vagas.<\/p>\n\n\n\n<p>Ao todo, 30 mil conselheiros&nbsp;<a href=\"http:\/\/agenciabrasil.ebc.com.br\/direitos-humanos\/noticia\/2019-10\/brasileiros-elegem-domingo-representantes-de-conselhos-tutelares\" target=\"_blank\" rel=\"noreferrer noopener\">ser\u00e3o indicados<\/a>&nbsp;para os 5.956 conselhos ativos em todo o pa\u00eds. Como o voto n\u00e3o \u00e9 obrigat\u00f3rio, a&nbsp;<strong>Ag\u00eancia Brasil<\/strong>&nbsp;identificou uma baixa ades\u00e3o \u00e0 vota\u00e7\u00e3o, mas tamb\u00e9m a iniciativa de pessoas que decidiram se envolver, este ano, com o processo eleitoral.&nbsp;<\/p>\n\n\n\n<figure class=\"wp-block-image\"><img decoding=\"async\" data-src=\"http:\/\/imagens.ebc.com.br\/-cqAFRa_HMzryzFwaMeN5a9zTaM=\/365x0\/smart\/http:\/\/agenciabrasil.ebc.com.br\/sites\/default\/files\/thumbnails\/image\/jfrcz_20191006_abr_1816_0.jpg?itok=ZaiV2nVS\" alt=\" conselheiro tutelar, Gilberto do Nascimento\" src=\"data:image\/svg+xml;base64,PHN2ZyB3aWR0aD0iMSIgaGVpZ2h0PSIxIiB4bWxucz0iaHR0cDovL3d3dy53My5vcmcvMjAwMC9zdmciPjwvc3ZnPg==\" class=\"lazyload\" \/><\/figure>\n\n\n\n<p>conselheiro tutelar, Gilberto do Nascimento &#8211;&nbsp;<strong>Jose Cruz\/Ag\u00eancia Brasil<\/strong><\/p>\n\n\n\n<p>O engenheiro Gilberto do Nascimento reservou uma hora do domingo para se dirigir a um ponto de vota\u00e7\u00e3o na Asa Sul, na companhia da esposa, que tamb\u00e9m registrou seu voto. O que o motivou foi o sentimento de contribuir para que haja &#8220;uma representatividade boa&#8221; no que concerne \u00e0 prote\u00e7\u00e3o dos direitos de crian\u00e7as e adolescentes, atualmente dispostos no&nbsp;<a href=\"http:\/\/www.planalto.gov.br\/ccivil_03\/leis\/l8069.htm\">Estatuto da Crian\u00e7a e do Adolescente<\/a>&nbsp;(ECA).<\/p>\n\n\n\n<p>&#8220;Acho que o conselho deve se antecipar e ter uma vis\u00e3o organizacional, sist\u00eamica e preventiva de todas as quest\u00f5es ligadas aos menores [de idade]&#8221;, afirma. &#8220;Acho importante que todos votem e pratiquem esse direito e dever.&#8221;<\/p>\n\n\n\n<p>A secret\u00e1ria Maria Viana conta que votou em uma amiga, que j\u00e1 atuava como conselheira tutelar e, na sua avalia\u00e7\u00e3o, desempenhou devidamente a fun\u00e7\u00e3o. A mulher, diz ela, a orientou para que conseguisse uma vaga na escola para o seu filho menor. &#8220;A vis\u00e3o que tenho \u00e9 de que o conselho ajuda muito, para quem o entende. S\u00f3 que tem pessoas que n\u00e3o o compreendem e acham que ele atrapalha na cria\u00e7\u00e3o dos filhos. Mas ele ajuda muito, principalmente quando \u00e9 o caso de um pai ou uma m\u00e3e que trata a crian\u00e7a mal, agressivamente. O conselho tutelar tem ajudado muito certas fam\u00edlias. Pega essas crian\u00e7as [em situa\u00e7\u00e3o] de rua, consegue escola e muda completamente a vis\u00e3o dessas crian\u00e7as&#8221;, afirma.<\/p>\n\n\n\n<figure class=\"wp-block-image\"><img decoding=\"async\" data-src=\"http:\/\/imagens.ebc.com.br\/cDQXRfzWomxgluhgulDjwNxZbkQ=\/365x0\/smart\/http:\/\/agenciabrasil.ebc.com.br\/sites\/default\/files\/thumbnails\/image\/jfrcz_20191006_abr_1811.jpg?itok=wOmg_SZX\" alt=\"Elei\u00e7\u00e3o Conselho tutelar  Mariana Viana \" src=\"data:image\/svg+xml;base64,PHN2ZyB3aWR0aD0iMSIgaGVpZ2h0PSIxIiB4bWxucz0iaHR0cDovL3d3dy53My5vcmcvMjAwMC9zdmciPjwvc3ZnPg==\" class=\"lazyload\" \/><\/figure>\n\n\n\n<p>Elei\u00e7\u00e3o Conselho tutelar Mariana Viana &#8211;&nbsp;<strong>Jos\u00e9\/Ag\u00eancia Brasil<\/strong><\/p>\n\n\n\n<p>A&nbsp;<strong>Ag\u00eancia Brasil<\/strong>&nbsp;foi, ainda, a outros dois locais de vota\u00e7\u00e3o na Asa Sul, o Centro de Ensino Fundamental 405 Sul e a Escola Classe 206 Sul, mas encontrou as portas fechadas. Como ambos pontos constavam da lista divulgada pelo governo do Distrito Federal, solicitou explica\u00e7\u00f5es \u00e0 Secretaria de Justi\u00e7a e Cidadania do Distrito Federal e aguarda retorno. Por meio da assessoria de imprensa, o governo distrital havia informado que 148 locais de vota\u00e7\u00e3o, espalhados por todas as regi\u00f5es administrativas, estariam funcionando neste domingo. At\u00e9 as 18h, a pasta ainda n\u00e3o havia divulgado o total de votantes.<\/p>\n","protected":false},"excerpt":{"rendered":"<p>As elei\u00e7\u00f5es para os conselheiros tutelares com mandato de 2020 a 2023, realizada hoje (6) em todo o pa\u00eds, contaram com a participa\u00e7\u00e3o de brasilienses&hellip; <\/p>\n","protected":false},"author":1,"featured_media":124079,"comment_status":"closed","ping_status":"closed","sticky":false,"template":"","format":"standard","meta":{"sfsi_plus_gutenberg_text_before_share":"","sfsi_plus_gutenberg_show_text_before_share":"","sfsi_plus_gutenberg_icon_type":"","sfsi_plus_gutenberg_icon_alignemt":"","sfsi_plus_gutenburg_max_per_row":"","footnotes":""},"categories":[11],"tags":[],"class_list":["post-124077","post","type-post","status-publish","format-standard","has-post-thumbnail","hentry","category-politica"],"_links":{"self":[{"href":"https:\/\/www.caririemacao.com\/1\/wp-json\/wp\/v2\/posts\/124077","targetHints":{"allow":["GET"]}}],"collection":[{"href":"https:\/\/www.caririemacao.com\/1\/wp-json\/wp\/v2\/posts"}],"about":[{"href":"https:\/\/www.caririemacao.com\/1\/wp-json\/wp\/v2\/types\/post"}],"author":[{"embeddable":true,"href":"https:\/\/www.caririemacao.com\/1\/wp-json\/wp\/v2\/users\/1"}],"replies":[{"embeddable":true,"href":"https:\/\/www.caririemacao.com\/1\/wp-json\/wp\/v2\/comments?post=124077"}],"version-history":[{"count":1,"href":"https:\/\/www.caririemacao.com\/1\/wp-json\/wp\/v2\/posts\/124077\/revisions"}],"predecessor-version":[{"id":124080,"href":"https:\/\/www.caririemacao.com\/1\/wp-json\/wp\/v2\/posts\/124077\/revisions\/124080"}],"wp:featuredmedia":[{"embeddable":true,"href":"https:\/\/www.caririemacao.com\/1\/wp-json\/wp\/v2\/media\/124079"}],"wp:attachment":[{"href":"https:\/\/www.caririemacao.com\/1\/wp-json\/wp\/v2\/media?parent=124077"}],"wp:term":[{"taxonomy":"category","embeddable":true,"href":"https:\/\/www.caririemacao.com\/1\/wp-json\/wp\/v2\/categories?post=124077"},{"taxonomy":"post_tag","embeddable":true,"href":"https:\/\/www.caririemacao.com\/1\/wp-json\/wp\/v2\/tags?post=124077"}],"curies":[{"name":"wp","href":"https:\/\/api.w.org\/{rel}","templated":true}]}}