{"id":124087,"date":"2019-10-07T09:38:09","date_gmt":"2019-10-07T12:38:09","guid":{"rendered":"http:\/\/www.caririemacao.com\/1\/?p=124087"},"modified":"2019-10-07T09:38:09","modified_gmt":"2019-10-07T12:38:09","slug":"prf-prende-suspeito-de-integrar-milicia-que-controla-comunidades","status":"publish","type":"post","link":"https:\/\/www.caririemacao.com\/1\/2019\/10\/07\/prf-prende-suspeito-de-integrar-milicia-que-controla-comunidades\/","title":{"rendered":"PRF prende suspeito de integrar mil\u00edcia que controla comunidades"},"content":{"rendered":"\n<p>Policiais rodovi\u00e1rios federais prenderam na noite de ontem (6), com o apoio do Minist\u00e9rio P\u00fablico do Rio de Janeiro, um suspeito de integrar a mil\u00edcia que controla a comunidade de Rio das Pedras e da Muzema, na zona oeste da cidade do Rio. De acordo com a Pol\u00edcia Rodovi\u00e1ria Federal (PRF), ele estava escondido em um s\u00edtio em Guapimirim, na Baixada Fluminense.<\/p>\n\n\n\n<p>O suspeito tinha contra ele um mandado de pris\u00e3o por homic\u00eddio. O Disque Den\u00fancia oferecia uma recompensa de R$ 1 mil por informa\u00e7\u00f5es que levassem \u00e0 captura do foragido. Ele foi levado \u00e0 Delegacia de Campos El\u00edseos (60\u00aa DP).<\/p>\n\n\n\n<p>A mil\u00edcia que controla Rio das Pedras e a Muzema \u00e9 apontada como respons\u00e1vel pela constru\u00e7\u00e3o de edif\u00edcios irregulares, como os que desabaram em abril deste ano, matando mais de 20 pessoas.<\/p>\n","protected":false},"excerpt":{"rendered":"<p>Policiais rodovi\u00e1rios federais prenderam na noite de ontem (6), com o apoio do Minist\u00e9rio P\u00fablico do Rio de Janeiro, um suspeito de integrar a mil\u00edcia&hellip; <\/p>\n","protected":false},"author":1,"featured_media":124089,"comment_status":"closed","ping_status":"closed","sticky":false,"template":"","format":"standard","meta":{"sfsi_plus_gutenberg_text_before_share":"","sfsi_plus_gutenberg_show_text_before_share":"","sfsi_plus_gutenberg_icon_type":"","sfsi_plus_gutenberg_icon_alignemt":"","sfsi_plus_gutenburg_max_per_row":"","footnotes":""},"categories":[12],"tags":[],"class_list":["post-124087","post","type-post","status-publish","format-standard","has-post-thumbnail","hentry","category-policia"],"_links":{"self":[{"href":"https:\/\/www.caririemacao.com\/1\/wp-json\/wp\/v2\/posts\/124087","targetHints":{"allow":["GET"]}}],"collection":[{"href":"https:\/\/www.caririemacao.com\/1\/wp-json\/wp\/v2\/posts"}],"about":[{"href":"https:\/\/www.caririemacao.com\/1\/wp-json\/wp\/v2\/types\/post"}],"author":[{"embeddable":true,"href":"https:\/\/www.caririemacao.com\/1\/wp-json\/wp\/v2\/users\/1"}],"replies":[{"embeddable":true,"href":"https:\/\/www.caririemacao.com\/1\/wp-json\/wp\/v2\/comments?post=124087"}],"version-history":[{"count":1,"href":"https:\/\/www.caririemacao.com\/1\/wp-json\/wp\/v2\/posts\/124087\/revisions"}],"predecessor-version":[{"id":124090,"href":"https:\/\/www.caririemacao.com\/1\/wp-json\/wp\/v2\/posts\/124087\/revisions\/124090"}],"wp:featuredmedia":[{"embeddable":true,"href":"https:\/\/www.caririemacao.com\/1\/wp-json\/wp\/v2\/media\/124089"}],"wp:attachment":[{"href":"https:\/\/www.caririemacao.com\/1\/wp-json\/wp\/v2\/media?parent=124087"}],"wp:term":[{"taxonomy":"category","embeddable":true,"href":"https:\/\/www.caririemacao.com\/1\/wp-json\/wp\/v2\/categories?post=124087"},{"taxonomy":"post_tag","embeddable":true,"href":"https:\/\/www.caririemacao.com\/1\/wp-json\/wp\/v2\/tags?post=124087"}],"curies":[{"name":"wp","href":"https:\/\/api.w.org\/{rel}","templated":true}]}}