{"id":124097,"date":"2019-10-07T10:22:14","date_gmt":"2019-10-07T13:22:14","guid":{"rendered":"http:\/\/www.caririemacao.com\/1\/?p=124097"},"modified":"2019-10-07T10:22:14","modified_gmt":"2019-10-07T13:22:14","slug":"mulher-morre-apos-carro-colidir-com-tubulacao-e-capotar-em-estrada-na-regiao-do-cariri","status":"publish","type":"post","link":"https:\/\/www.caririemacao.com\/1\/2019\/10\/07\/mulher-morre-apos-carro-colidir-com-tubulacao-e-capotar-em-estrada-na-regiao-do-cariri\/","title":{"rendered":"Mulher morre ap\u00f3s carro colidir com tubula\u00e7\u00e3o e capotar em estrada na regi\u00e3o do Cariri"},"content":{"rendered":"\n<p>Uma mulher, de 23 anos morreu ap\u00f3s o carro em que ela estava colidir com uma tubula\u00e7\u00e3o e capotar, na madrugada desta segunda-feira (7), na estrada que liga as cidades de Boqueir\u00e3o e Campina Grande, na Para\u00edba. No acidente, outras quatro pessoas que tamb\u00e9m estavam no ve\u00edculo ficaram feridas.<\/p>\n\n\n\n<p>De acordo com testemunhas, o motorista do carro teria perdido o controle da dire\u00e7\u00e3o e o ve\u00edculo saiu da pista.O carro colidiu com uma tubula\u00e7\u00e3o que leva \u00e1gua do a\u00e7ude Boqueir\u00e3o para Campina Grande, capotou e caiu numa ribanceira.<\/p>\n\n\n\n<p>O grupo teria passado o dia em uma festa de anivers\u00e1rio e seguiam para estavam indo para um s\u00edtio na Zona Rural.<\/p>\n\n\n\n<p>O Samu foi acionado, por\u00e9m ao chegar no local, a mulher j\u00e1 tinha ido a \u00f3bito. Os tr\u00eas feridos foram socorridos para o Hospital de Boqueir\u00e3o. Os feridos foram transferidos para o Hospital de Trauma de Campina Grande.<\/p>\n\n\n\n<p>De acordo com a assessoria do hospital, Denilson Macedo Brito, de 24 anos, Abra\u00e3o das Neves Macedo Macedo J\u00fanior, de 28 anos, Camile Tamara Truta, de 20 anos e&nbsp;Julha Mayara Cassiano de Lima, 19 anos est\u00e3o sendo avaliados pelo neurocirurgi\u00e3o.<\/p>\n","protected":false},"excerpt":{"rendered":"<p>Uma mulher, de 23 anos morreu ap\u00f3s o carro em que ela estava colidir com uma tubula\u00e7\u00e3o e capotar, na madrugada desta segunda-feira (7), na&hellip; <\/p>\n","protected":false},"author":1,"featured_media":124099,"comment_status":"closed","ping_status":"closed","sticky":false,"template":"","format":"standard","meta":{"sfsi_plus_gutenberg_text_before_share":"","sfsi_plus_gutenberg_show_text_before_share":"","sfsi_plus_gutenberg_icon_type":"","sfsi_plus_gutenberg_icon_alignemt":"","sfsi_plus_gutenburg_max_per_row":"","footnotes":""},"categories":[2],"tags":[],"class_list":["post-124097","post","type-post","status-publish","format-standard","has-post-thumbnail","hentry","category-geral"],"_links":{"self":[{"href":"https:\/\/www.caririemacao.com\/1\/wp-json\/wp\/v2\/posts\/124097","targetHints":{"allow":["GET"]}}],"collection":[{"href":"https:\/\/www.caririemacao.com\/1\/wp-json\/wp\/v2\/posts"}],"about":[{"href":"https:\/\/www.caririemacao.com\/1\/wp-json\/wp\/v2\/types\/post"}],"author":[{"embeddable":true,"href":"https:\/\/www.caririemacao.com\/1\/wp-json\/wp\/v2\/users\/1"}],"replies":[{"embeddable":true,"href":"https:\/\/www.caririemacao.com\/1\/wp-json\/wp\/v2\/comments?post=124097"}],"version-history":[{"count":1,"href":"https:\/\/www.caririemacao.com\/1\/wp-json\/wp\/v2\/posts\/124097\/revisions"}],"predecessor-version":[{"id":124100,"href":"https:\/\/www.caririemacao.com\/1\/wp-json\/wp\/v2\/posts\/124097\/revisions\/124100"}],"wp:featuredmedia":[{"embeddable":true,"href":"https:\/\/www.caririemacao.com\/1\/wp-json\/wp\/v2\/media\/124099"}],"wp:attachment":[{"href":"https:\/\/www.caririemacao.com\/1\/wp-json\/wp\/v2\/media?parent=124097"}],"wp:term":[{"taxonomy":"category","embeddable":true,"href":"https:\/\/www.caririemacao.com\/1\/wp-json\/wp\/v2\/categories?post=124097"},{"taxonomy":"post_tag","embeddable":true,"href":"https:\/\/www.caririemacao.com\/1\/wp-json\/wp\/v2\/tags?post=124097"}],"curies":[{"name":"wp","href":"https:\/\/api.w.org\/{rel}","templated":true}]}}