{"id":124107,"date":"2019-10-07T11:44:55","date_gmt":"2019-10-07T14:44:55","guid":{"rendered":"http:\/\/www.caririemacao.com\/1\/?p=124107"},"modified":"2019-10-07T11:44:55","modified_gmt":"2019-10-07T14:44:55","slug":"apos-paralisacao-obras-do-canal-acaua-aracagi-serao-retomadas-nesta-terca","status":"publish","type":"post","link":"https:\/\/www.caririemacao.com\/1\/2019\/10\/07\/apos-paralisacao-obras-do-canal-acaua-aracagi-serao-retomadas-nesta-terca\/","title":{"rendered":"Ap\u00f3s paralisa\u00e7\u00e3o, obras do Canal Acau\u00e3-Ara\u00e7agi ser\u00e3o retomadas nesta ter\u00e7a"},"content":{"rendered":"\n<p>Ser\u00e3o retomadas, na pr\u00f3xima ter\u00e7a-feira (8), as obras de constru\u00e7\u00e3o do Canal Acau\u00e3-Ara\u00e7agi,&nbsp;paralisadas no dia 20 do \u00faltimo m\u00eas, em decorr\u00eancia da falta de pagamentos referentes ao empreendimento.<\/p>\n\n\n\n<p>Para o retorno \u00e0s obras, o governo antecipou o pagamento de R$ 21 milh\u00f5es referentes \u00e0 contrapartida do Estado para a constru\u00e7\u00e3o do canal.<\/p>\n\n\n\n<p>Durante audi\u00eancia com o governador Jo\u00e3o Azev\u00eado, nessa sexta-feira (4), no Pal\u00e1cio da Reden\u00e7\u00e3o, o ministro-chefe da Secretaria do Governo Bolsonaro, Luiz Eduardo Ramos, assegurou a libera\u00e7\u00e3o de R$ 17 milh\u00f5es junto ao Minist\u00e9rio do Desenvolvimento Regional para continuidade dos trabalhos.<\/p>\n\n\n\n<p>\u201cH\u00e1 um compromisso por parte do minist\u00e9rio para que na pr\u00f3xima semana seja liberado algo em torno de 17 milh\u00f5es. A previs\u00e3o \u00e9 que as obras sejam retomadas a partir de ter\u00e7a-feira. Como foi anunciado na nossa nota, n\u00e3o era uma paralisa\u00e7\u00e3o, n\u00e3o houve desmobiliza\u00e7\u00e3o, a partir de ter\u00e7a-feira a obra ser\u00e1 reiniciada e voltar\u00e1 a normalidade\u201d, informou o secret\u00e1rio de Infraestrutura do Estado, Deusdete Queiroga<em>.&nbsp;<\/em><\/p>\n\n\n\n<p>O Canal Acau\u00e3-Ara\u00e7agi come\u00e7ou a ser constru\u00eddo h\u00e1 oito anos e \u00e9 a maior obra h\u00eddrica do governo da Para\u00edba, com mais de 100 quil\u00f4metros de extens\u00e3o, incluindo pontes, aquedutos e outras obras h\u00eddricas. O lote 1, o mais adiantado, ficaria pronto em um ano, caso as obras seguissem o ritmo normal. O lote 2 tem previs\u00e3o de dois anos para ser conclu\u00eddo. A obra total \u00e9 avaliada em mais de R$ 800 milh\u00f5es.<\/p>\n\n\n\n<p><em>Com Mais PB<\/em><\/p>\n","protected":false},"excerpt":{"rendered":"<p>Ser\u00e3o retomadas, na pr\u00f3xima ter\u00e7a-feira (8), as obras de constru\u00e7\u00e3o do Canal Acau\u00e3-Ara\u00e7agi,&nbsp;paralisadas no dia 20 do \u00faltimo m\u00eas, em decorr\u00eancia da falta de pagamentos&hellip; <\/p>\n","protected":false},"author":1,"featured_media":124113,"comment_status":"closed","ping_status":"closed","sticky":false,"template":"","format":"standard","meta":{"sfsi_plus_gutenberg_text_before_share":"","sfsi_plus_gutenberg_show_text_before_share":"","sfsi_plus_gutenberg_icon_type":"","sfsi_plus_gutenberg_icon_alignemt":"","sfsi_plus_gutenburg_max_per_row":"","footnotes":""},"categories":[2],"tags":[],"class_list":["post-124107","post","type-post","status-publish","format-standard","has-post-thumbnail","hentry","category-geral"],"_links":{"self":[{"href":"https:\/\/www.caririemacao.com\/1\/wp-json\/wp\/v2\/posts\/124107","targetHints":{"allow":["GET"]}}],"collection":[{"href":"https:\/\/www.caririemacao.com\/1\/wp-json\/wp\/v2\/posts"}],"about":[{"href":"https:\/\/www.caririemacao.com\/1\/wp-json\/wp\/v2\/types\/post"}],"author":[{"embeddable":true,"href":"https:\/\/www.caririemacao.com\/1\/wp-json\/wp\/v2\/users\/1"}],"replies":[{"embeddable":true,"href":"https:\/\/www.caririemacao.com\/1\/wp-json\/wp\/v2\/comments?post=124107"}],"version-history":[{"count":1,"href":"https:\/\/www.caririemacao.com\/1\/wp-json\/wp\/v2\/posts\/124107\/revisions"}],"predecessor-version":[{"id":124114,"href":"https:\/\/www.caririemacao.com\/1\/wp-json\/wp\/v2\/posts\/124107\/revisions\/124114"}],"wp:featuredmedia":[{"embeddable":true,"href":"https:\/\/www.caririemacao.com\/1\/wp-json\/wp\/v2\/media\/124113"}],"wp:attachment":[{"href":"https:\/\/www.caririemacao.com\/1\/wp-json\/wp\/v2\/media?parent=124107"}],"wp:term":[{"taxonomy":"category","embeddable":true,"href":"https:\/\/www.caririemacao.com\/1\/wp-json\/wp\/v2\/categories?post=124107"},{"taxonomy":"post_tag","embeddable":true,"href":"https:\/\/www.caririemacao.com\/1\/wp-json\/wp\/v2\/tags?post=124107"}],"curies":[{"name":"wp","href":"https:\/\/api.w.org\/{rel}","templated":true}]}}