{"id":124123,"date":"2019-10-07T11:46:23","date_gmt":"2019-10-07T14:46:23","guid":{"rendered":"http:\/\/www.caririemacao.com\/1\/?p=124123"},"modified":"2019-10-07T11:46:23","modified_gmt":"2019-10-07T14:46:23","slug":"eleicao-para-conselho-tutelar-e-anulada-em-municipio-da-paraiba","status":"publish","type":"post","link":"https:\/\/www.caririemacao.com\/1\/2019\/10\/07\/eleicao-para-conselho-tutelar-e-anulada-em-municipio-da-paraiba\/","title":{"rendered":"Elei\u00e7\u00e3o para Conselho Tutelar \u00e9 anulada em munic\u00edpio da Para\u00edba"},"content":{"rendered":"\n<p>A elei\u00e7\u00e3o para o Conselho Tutelar que ocorreu neste domingo (6), no munic\u00edpio de Pil\u00f5ezinhos foi anulada. A elei\u00e7\u00e3o foi organizada pelo&nbsp;Conselho Municipal dos Direitos da Crian\u00e7a e do Adolescente,&nbsp;na Escola Municipal Marlene Alves Mendes.<\/p>\n\n\n\n<p>De acordo com informa\u00e7\u00f5es, na hora da apura\u00e7\u00e3o foi observado que o n\u00famero de c\u00e9dulas nas urnas era maior do que o n\u00famero de votantes assinantes.<\/p>\n\n\n\n<p>A nova data para as elei\u00e7\u00f5es ainda n\u00e3o foi comunicada oficialmente.<\/p>\n\n\n\n<p><em>Com Click PB<\/em><\/p>\n","protected":false},"excerpt":{"rendered":"<p>A elei\u00e7\u00e3o para o Conselho Tutelar que ocorreu neste domingo (6), no munic\u00edpio de Pil\u00f5ezinhos foi anulada. A elei\u00e7\u00e3o foi organizada pelo&nbsp;Conselho Municipal dos Direitos&hellip; <\/p>\n","protected":false},"author":1,"featured_media":124125,"comment_status":"closed","ping_status":"closed","sticky":false,"template":"","format":"standard","meta":{"sfsi_plus_gutenberg_text_before_share":"","sfsi_plus_gutenberg_show_text_before_share":"","sfsi_plus_gutenberg_icon_type":"","sfsi_plus_gutenberg_icon_alignemt":"","sfsi_plus_gutenburg_max_per_row":"","footnotes":""},"categories":[6],"tags":[],"class_list":["post-124123","post","type-post","status-publish","format-standard","has-post-thumbnail","hentry","category-cidades"],"_links":{"self":[{"href":"https:\/\/www.caririemacao.com\/1\/wp-json\/wp\/v2\/posts\/124123","targetHints":{"allow":["GET"]}}],"collection":[{"href":"https:\/\/www.caririemacao.com\/1\/wp-json\/wp\/v2\/posts"}],"about":[{"href":"https:\/\/www.caririemacao.com\/1\/wp-json\/wp\/v2\/types\/post"}],"author":[{"embeddable":true,"href":"https:\/\/www.caririemacao.com\/1\/wp-json\/wp\/v2\/users\/1"}],"replies":[{"embeddable":true,"href":"https:\/\/www.caririemacao.com\/1\/wp-json\/wp\/v2\/comments?post=124123"}],"version-history":[{"count":1,"href":"https:\/\/www.caririemacao.com\/1\/wp-json\/wp\/v2\/posts\/124123\/revisions"}],"predecessor-version":[{"id":124126,"href":"https:\/\/www.caririemacao.com\/1\/wp-json\/wp\/v2\/posts\/124123\/revisions\/124126"}],"wp:featuredmedia":[{"embeddable":true,"href":"https:\/\/www.caririemacao.com\/1\/wp-json\/wp\/v2\/media\/124125"}],"wp:attachment":[{"href":"https:\/\/www.caririemacao.com\/1\/wp-json\/wp\/v2\/media?parent=124123"}],"wp:term":[{"taxonomy":"category","embeddable":true,"href":"https:\/\/www.caririemacao.com\/1\/wp-json\/wp\/v2\/categories?post=124123"},{"taxonomy":"post_tag","embeddable":true,"href":"https:\/\/www.caririemacao.com\/1\/wp-json\/wp\/v2\/tags?post=124123"}],"curies":[{"name":"wp","href":"https:\/\/api.w.org\/{rel}","templated":true}]}}