{"id":124142,"date":"2019-10-07T12:30:43","date_gmt":"2019-10-07T15:30:43","guid":{"rendered":"http:\/\/www.caririemacao.com\/1\/?p=124142"},"modified":"2019-10-07T12:30:43","modified_gmt":"2019-10-07T15:30:43","slug":"eleitores-denunciam-problemas-com-votacao-para-conselho-tutelar-no-cariri","status":"publish","type":"post","link":"https:\/\/www.caririemacao.com\/1\/2019\/10\/07\/eleitores-denunciam-problemas-com-votacao-para-conselho-tutelar-no-cariri\/","title":{"rendered":"Eleitores denunciam problemas com vota\u00e7\u00e3o para Conselho Tutelar no Cariri"},"content":{"rendered":"\n<p>&nbsp;As elei\u00e7\u00f5es para os\nnovos conselheiros tutelar realizadas neste domingo, dia 06, em todo pa\u00eds,\nlevaram milhares de caririzeiros as urnas para votar em seus candidatos.<\/p>\n\n\n\n<p>Mas o que era pra ser uma elei\u00e7\u00e3o tranquila acabou\nresultando em constrangimento para milhares de eleitores que se depararam com\nv\u00e1rios problemas para votar, entre eles, poucas se\u00e7\u00f5es para a vota\u00e7\u00e3o, fazendo\ncom que as pessoas ficassem v\u00e1rias horas nas filas.<\/p>\n\n\n\n<p>H\u00e1 informa\u00e7\u00e3o de que muita gente ficou sem votar em consequ\u00eancia\ndas grandes filas e poucas se\u00e7\u00f5es que, segundo algumas pessoas, foram\ninsuficientes para oferecer uma rapidez e agilidade na vota\u00e7\u00e3o, causando\ninclusive tumulto em v\u00e1rias cidades da regi\u00e3o.<\/p>\n\n\n\n<p>Vale salientar que o Minist\u00e9rio P\u00fablico \u00e9 o \u00f3rg\u00e3o respons\u00e1vel\npara orientar o processo eleitoral, autorizando inclusive, a quantidade de\nse\u00e7\u00f5es. Talvez, o problema das grandes filas tenha sido ocasionado pela quantidade\ninsuficiente de se\u00e7\u00f5es nas cidades do Cariri.<\/p>\n","protected":false},"excerpt":{"rendered":"<p>&nbsp;As elei\u00e7\u00f5es para os novos conselheiros tutelar realizadas neste domingo, dia 06, em todo pa\u00eds, levaram milhares de caririzeiros as urnas para votar em seus&hellip; <\/p>\n","protected":false},"author":2,"featured_media":124143,"comment_status":"closed","ping_status":"closed","sticky":false,"template":"","format":"standard","meta":{"sfsi_plus_gutenberg_text_before_share":"","sfsi_plus_gutenberg_show_text_before_share":"","sfsi_plus_gutenberg_icon_type":"","sfsi_plus_gutenberg_icon_alignemt":"","sfsi_plus_gutenburg_max_per_row":"","footnotes":""},"categories":[50,2],"tags":[],"class_list":["post-124142","post","type-post","status-publish","format-standard","has-post-thumbnail","hentry","category-destaque","category-geral"],"_links":{"self":[{"href":"https:\/\/www.caririemacao.com\/1\/wp-json\/wp\/v2\/posts\/124142","targetHints":{"allow":["GET"]}}],"collection":[{"href":"https:\/\/www.caririemacao.com\/1\/wp-json\/wp\/v2\/posts"}],"about":[{"href":"https:\/\/www.caririemacao.com\/1\/wp-json\/wp\/v2\/types\/post"}],"author":[{"embeddable":true,"href":"https:\/\/www.caririemacao.com\/1\/wp-json\/wp\/v2\/users\/2"}],"replies":[{"embeddable":true,"href":"https:\/\/www.caririemacao.com\/1\/wp-json\/wp\/v2\/comments?post=124142"}],"version-history":[{"count":1,"href":"https:\/\/www.caririemacao.com\/1\/wp-json\/wp\/v2\/posts\/124142\/revisions"}],"predecessor-version":[{"id":124144,"href":"https:\/\/www.caririemacao.com\/1\/wp-json\/wp\/v2\/posts\/124142\/revisions\/124144"}],"wp:featuredmedia":[{"embeddable":true,"href":"https:\/\/www.caririemacao.com\/1\/wp-json\/wp\/v2\/media\/124143"}],"wp:attachment":[{"href":"https:\/\/www.caririemacao.com\/1\/wp-json\/wp\/v2\/media?parent=124142"}],"wp:term":[{"taxonomy":"category","embeddable":true,"href":"https:\/\/www.caririemacao.com\/1\/wp-json\/wp\/v2\/categories?post=124142"},{"taxonomy":"post_tag","embeddable":true,"href":"https:\/\/www.caririemacao.com\/1\/wp-json\/wp\/v2\/tags?post=124142"}],"curies":[{"name":"wp","href":"https:\/\/api.w.org\/{rel}","templated":true}]}}