{"id":124151,"date":"2019-10-07T12:32:53","date_gmt":"2019-10-07T15:32:53","guid":{"rendered":"http:\/\/www.caririemacao.com\/1\/?p=124151"},"modified":"2019-10-07T12:32:53","modified_gmt":"2019-10-07T15:32:53","slug":"joao-azevedo-promete-exonerar-quem-confundir-governo-com-partido","status":"publish","type":"post","link":"https:\/\/www.caririemacao.com\/1\/2019\/10\/07\/joao-azevedo-promete-exonerar-quem-confundir-governo-com-partido\/","title":{"rendered":"Jo\u00e3o Azev\u00eado promete exonerar quem confundir governo com partido"},"content":{"rendered":"\n<p>O governador Jo\u00e3o Azev\u00eado (PSB) procurou afastar, durante reuni\u00e3o com secret\u00e1rios, nesta segunda-feira (7), o vi\u00e9s partid\u00e1rio do encontro. O socialista vive uma queda de bra\u00e7o na sigla com o ex-governador Ricardo Coutinho, padrinho pol\u00edtico do socialista. Ele deixa claro que vai cortar da gest\u00e3o todos aqueles que n\u00e3o consigam separar a quest\u00e3o partid\u00e1ria das relacionadas ao governo.<\/p>\n\n\n\n<p>\u201cVolto a dizer: eu separo muito as coisas, o que \u00e9 partido e o que \u00e9 governo. Eu tenho foco no governo. Evidentemente, se voc\u00ea tiver um auxiliar que n\u00e3o consiga fazer essa separa\u00e7\u00e3o, o auxiliar vai ter que deixar o governo\u201d, disse Azev\u00eado, acrescentando que n\u00e3o vai se preocupar com isso enquanto houver auxiliares que saibam dividir o que \u00e9 uma coisa e o que \u00e9 a outra.<\/p>\n\n\n\n<p>A declara\u00e7\u00e3o de Jo\u00e3o Azev\u00eado ocorreu logo depois de declara\u00e7\u00f5es feitas pelo secret\u00e1rio de Agricultura Familiar e do Desenvolvimento do Semi\u00e1rido do Estado, Luiz Couto, tamb\u00e9m presente no evento. O auxiliar do governo disse que se sentiu desgostoso depois de saber do encontro, na semana passada, do governador com o ministro-chefe da Secretaria de Governo da Presid\u00eancia da Rep\u00fablica, o general Luiz Eduardo Ramos. Jo\u00e3o Azev\u00eado, ao ser questionado sobre o assunto, procurou afastar o ingrediente ideol\u00f3gico. Disse que gosta de ser bem recebido em Bras\u00edlia e, por isso, procura receber bem os auxiliares do presidente Jair Bolsonaro (PSL) na Para\u00edba.<\/p>\n\n\n\n<p>\u201cEu sempre tenho dito que partido \u00e9 partido, governo \u00e9 governo. Fazer essa separa\u00e7\u00e3o \u00e9 a forma mais inteligente para todo mundo, para toda a equipe. Ningu\u00e9m pode misturar as duas coisas. \u00c9 \u00f3bvio que fazemos parte de uma agremia\u00e7\u00e3o, n\u00e3o h\u00e1 uma sepera\u00e7\u00e3o por completa, mas a a\u00e7\u00e3o e a atitute, tem que ser compat\u00edvel com cada local\u201d, ressaltou Jo\u00e3o Azev\u00eado.<\/p>\n\n\n\n<p><strong>Blog do Suetoni<\/strong><\/p>\n","protected":false},"excerpt":{"rendered":"<p>O governador Jo\u00e3o Azev\u00eado (PSB) procurou afastar, durante reuni\u00e3o com secret\u00e1rios, nesta segunda-feira (7), o vi\u00e9s partid\u00e1rio do encontro. O socialista vive uma queda de&hellip; <\/p>\n","protected":false},"author":1,"featured_media":124153,"comment_status":"closed","ping_status":"closed","sticky":false,"template":"","format":"standard","meta":{"sfsi_plus_gutenberg_text_before_share":"","sfsi_plus_gutenberg_show_text_before_share":"","sfsi_plus_gutenberg_icon_type":"","sfsi_plus_gutenberg_icon_alignemt":"","sfsi_plus_gutenburg_max_per_row":"","footnotes":""},"categories":[11],"tags":[],"class_list":["post-124151","post","type-post","status-publish","format-standard","has-post-thumbnail","hentry","category-politica"],"_links":{"self":[{"href":"https:\/\/www.caririemacao.com\/1\/wp-json\/wp\/v2\/posts\/124151","targetHints":{"allow":["GET"]}}],"collection":[{"href":"https:\/\/www.caririemacao.com\/1\/wp-json\/wp\/v2\/posts"}],"about":[{"href":"https:\/\/www.caririemacao.com\/1\/wp-json\/wp\/v2\/types\/post"}],"author":[{"embeddable":true,"href":"https:\/\/www.caririemacao.com\/1\/wp-json\/wp\/v2\/users\/1"}],"replies":[{"embeddable":true,"href":"https:\/\/www.caririemacao.com\/1\/wp-json\/wp\/v2\/comments?post=124151"}],"version-history":[{"count":1,"href":"https:\/\/www.caririemacao.com\/1\/wp-json\/wp\/v2\/posts\/124151\/revisions"}],"predecessor-version":[{"id":124154,"href":"https:\/\/www.caririemacao.com\/1\/wp-json\/wp\/v2\/posts\/124151\/revisions\/124154"}],"wp:featuredmedia":[{"embeddable":true,"href":"https:\/\/www.caririemacao.com\/1\/wp-json\/wp\/v2\/media\/124153"}],"wp:attachment":[{"href":"https:\/\/www.caririemacao.com\/1\/wp-json\/wp\/v2\/media?parent=124151"}],"wp:term":[{"taxonomy":"category","embeddable":true,"href":"https:\/\/www.caririemacao.com\/1\/wp-json\/wp\/v2\/categories?post=124151"},{"taxonomy":"post_tag","embeddable":true,"href":"https:\/\/www.caririemacao.com\/1\/wp-json\/wp\/v2\/tags?post=124151"}],"curies":[{"name":"wp","href":"https:\/\/api.w.org\/{rel}","templated":true}]}}