{"id":124164,"date":"2019-10-07T12:49:16","date_gmt":"2019-10-07T15:49:16","guid":{"rendered":"http:\/\/www.caririemacao.com\/1\/?p=124164"},"modified":"2019-10-07T12:49:16","modified_gmt":"2019-10-07T15:49:16","slug":"prefeitura-de-riacho-dos-cavalos-inscreve-para-processo-seletivo-com-salarios-de-ate-r-13-mil","status":"publish","type":"post","link":"https:\/\/www.caririemacao.com\/1\/2019\/10\/07\/prefeitura-de-riacho-dos-cavalos-inscreve-para-processo-seletivo-com-salarios-de-ate-r-13-mil\/","title":{"rendered":"Prefeitura de Riacho dos Cavalos inscreve para processo seletivo com sal\u00e1rios de at\u00e9 R$ 13 mil"},"content":{"rendered":"\n<p>A Prefeitura de Riacho dos Cavalos inscreve a partir desta segunda-feira (7), para o processo seletivo com 65 vagas de emprego tempor\u00e1rias em cargos de todos os n\u00edveis de escolaridade. Os sal\u00e1rios variam de R$ 998 a R$ 13,3 mil.<\/p>\n\n\n\n<p><a href=\"https:\/\/www.clickpb.com.br\/media\/filer_public\/01\/cc\/01cc525e-5411-40fa-a808-0c8a2baea074\/pdf_5064507102019124212.pdf\">Confira o edital do concurso<\/a><\/p>\n\n\n\n<p>Os interessados podem se inscrever at\u00e9 este domingo (13),&nbsp;<a href=\"http:\/\/apiceconsultoria.com\/inscricoes\/internet.php?id=50\">atrav\u00e9s do site da empresa organizadora<\/a>.A taxa de inscri\u00e7\u00e3o custa R$ 60 para cargos de n\u00edvel fundamental, R$ 70 para cargos de n\u00edvel m\u00e9dio e R$ 80 para cargos de n\u00edvel superior.<\/p>\n\n\n\n<p>Das vagas oferecidas,13 vagas s\u00e3o para a \u00e1rea de sa\u00fade, 22 para a \u00e1rea de educa\u00e7\u00e3o, 17 para a \u00e1rea de assist\u00eancia social, quatro para o NASF e nove para o CAPS. Ocargo com mais vagas \u00e9 o de professor do EJA, com 20 oportunidades, sendo 10 para a zona urbana e 10 para a zona rural. J\u00e1 os cargos com maiores sal\u00e1rios s\u00e3o os de m\u00e9dico psiquiatra e m\u00e9dico cl\u00ednico geral PSF.<br><\/p>\n\n\n\n<p>As provas devem acontecer no dia 10 de novembro de 2019.<\/p>\n","protected":false},"excerpt":{"rendered":"<p>A Prefeitura de Riacho dos Cavalos inscreve a partir desta segunda-feira (7), para o processo seletivo com 65 vagas de emprego tempor\u00e1rias em cargos de&hellip; <\/p>\n","protected":false},"author":1,"featured_media":124165,"comment_status":"closed","ping_status":"closed","sticky":false,"template":"","format":"standard","meta":{"sfsi_plus_gutenberg_text_before_share":"","sfsi_plus_gutenberg_show_text_before_share":"","sfsi_plus_gutenberg_icon_type":"","sfsi_plus_gutenberg_icon_alignemt":"","sfsi_plus_gutenburg_max_per_row":"","footnotes":""},"categories":[6],"tags":[],"class_list":["post-124164","post","type-post","status-publish","format-standard","has-post-thumbnail","hentry","category-cidades"],"_links":{"self":[{"href":"https:\/\/www.caririemacao.com\/1\/wp-json\/wp\/v2\/posts\/124164","targetHints":{"allow":["GET"]}}],"collection":[{"href":"https:\/\/www.caririemacao.com\/1\/wp-json\/wp\/v2\/posts"}],"about":[{"href":"https:\/\/www.caririemacao.com\/1\/wp-json\/wp\/v2\/types\/post"}],"author":[{"embeddable":true,"href":"https:\/\/www.caririemacao.com\/1\/wp-json\/wp\/v2\/users\/1"}],"replies":[{"embeddable":true,"href":"https:\/\/www.caririemacao.com\/1\/wp-json\/wp\/v2\/comments?post=124164"}],"version-history":[{"count":1,"href":"https:\/\/www.caririemacao.com\/1\/wp-json\/wp\/v2\/posts\/124164\/revisions"}],"predecessor-version":[{"id":124166,"href":"https:\/\/www.caririemacao.com\/1\/wp-json\/wp\/v2\/posts\/124164\/revisions\/124166"}],"wp:featuredmedia":[{"embeddable":true,"href":"https:\/\/www.caririemacao.com\/1\/wp-json\/wp\/v2\/media\/124165"}],"wp:attachment":[{"href":"https:\/\/www.caririemacao.com\/1\/wp-json\/wp\/v2\/media?parent=124164"}],"wp:term":[{"taxonomy":"category","embeddable":true,"href":"https:\/\/www.caririemacao.com\/1\/wp-json\/wp\/v2\/categories?post=124164"},{"taxonomy":"post_tag","embeddable":true,"href":"https:\/\/www.caririemacao.com\/1\/wp-json\/wp\/v2\/tags?post=124164"}],"curies":[{"name":"wp","href":"https:\/\/api.w.org\/{rel}","templated":true}]}}