{"id":124169,"date":"2019-10-07T12:50:44","date_gmt":"2019-10-07T15:50:44","guid":{"rendered":"http:\/\/www.caririemacao.com\/1\/?p=124169"},"modified":"2019-10-07T12:50:44","modified_gmt":"2019-10-07T15:50:44","slug":"nao-tenho-espirito-de-perseguicao-diz-joao-azevedo-sobre-lista-de-assinaturas-do-psb","status":"publish","type":"post","link":"https:\/\/www.caririemacao.com\/1\/2019\/10\/07\/nao-tenho-espirito-de-perseguicao-diz-joao-azevedo-sobre-lista-de-assinaturas-do-psb\/","title":{"rendered":"&#8220;N\u00e3o tenho esp\u00edrito de persegui\u00e7\u00e3o&#8221;, diz Jo\u00e3o Azev\u00eado sobre lista de assinaturas do PSB"},"content":{"rendered":"\n<p>O governador da Para\u00edba, Jo\u00e3o Azev\u00eado, disse que n\u00e3o guarda raiva nem julga as pessoas que assinaram a pol\u00eamica lista de dissolu\u00e7\u00e3o do diret\u00f3rio estadual do PSB. \u201cDepende do tipo de argumento que foi usado para convencer algu\u00e9m a assinar a lista\u201d, comentou.<\/p>\n\n\n\n<p>Sem citar nomes, Jo\u00e3o Azev\u00eado relatou ter ouvido de muita gente que as pessoas n\u00e3o sabiam o que estavam assinando. Segundo ele, para alguns foi dito que haveria uma reformula\u00e7\u00e3o do partido e chegaram a dizer at\u00e9 que Edvaldo Rosas voltaria.<\/p>\n\n\n\n<p>Por esse motivo, o governador acredita que algumas pessoas n\u00e3o tiveram maldade ao assinar o documento e disse que n\u00e3o guarda nenhum sentimento de vingan\u00e7a em rela\u00e7\u00e3o a isso. \u201cN\u00e3o tenho esp\u00edrito de persegui\u00e7\u00e3o, esse tipo de coisa n\u00e3o me move\u201d.<\/p>\n","protected":false},"excerpt":{"rendered":"<p>O governador da Para\u00edba, Jo\u00e3o Azev\u00eado, disse que n\u00e3o guarda raiva nem julga as pessoas que assinaram a pol\u00eamica lista de dissolu\u00e7\u00e3o do diret\u00f3rio estadual&hellip; <\/p>\n","protected":false},"author":1,"featured_media":124170,"comment_status":"closed","ping_status":"closed","sticky":false,"template":"","format":"standard","meta":{"sfsi_plus_gutenberg_text_before_share":"","sfsi_plus_gutenberg_show_text_before_share":"","sfsi_plus_gutenberg_icon_type":"","sfsi_plus_gutenberg_icon_alignemt":"","sfsi_plus_gutenburg_max_per_row":"","footnotes":""},"categories":[11],"tags":[],"class_list":["post-124169","post","type-post","status-publish","format-standard","has-post-thumbnail","hentry","category-politica"],"_links":{"self":[{"href":"https:\/\/www.caririemacao.com\/1\/wp-json\/wp\/v2\/posts\/124169","targetHints":{"allow":["GET"]}}],"collection":[{"href":"https:\/\/www.caririemacao.com\/1\/wp-json\/wp\/v2\/posts"}],"about":[{"href":"https:\/\/www.caririemacao.com\/1\/wp-json\/wp\/v2\/types\/post"}],"author":[{"embeddable":true,"href":"https:\/\/www.caririemacao.com\/1\/wp-json\/wp\/v2\/users\/1"}],"replies":[{"embeddable":true,"href":"https:\/\/www.caririemacao.com\/1\/wp-json\/wp\/v2\/comments?post=124169"}],"version-history":[{"count":1,"href":"https:\/\/www.caririemacao.com\/1\/wp-json\/wp\/v2\/posts\/124169\/revisions"}],"predecessor-version":[{"id":124171,"href":"https:\/\/www.caririemacao.com\/1\/wp-json\/wp\/v2\/posts\/124169\/revisions\/124171"}],"wp:featuredmedia":[{"embeddable":true,"href":"https:\/\/www.caririemacao.com\/1\/wp-json\/wp\/v2\/media\/124170"}],"wp:attachment":[{"href":"https:\/\/www.caririemacao.com\/1\/wp-json\/wp\/v2\/media?parent=124169"}],"wp:term":[{"taxonomy":"category","embeddable":true,"href":"https:\/\/www.caririemacao.com\/1\/wp-json\/wp\/v2\/categories?post=124169"},{"taxonomy":"post_tag","embeddable":true,"href":"https:\/\/www.caririemacao.com\/1\/wp-json\/wp\/v2\/tags?post=124169"}],"curies":[{"name":"wp","href":"https:\/\/api.w.org\/{rel}","templated":true}]}}