{"id":124174,"date":"2019-10-07T12:53:18","date_gmt":"2019-10-07T15:53:18","guid":{"rendered":"http:\/\/www.caririemacao.com\/1\/?p=124174"},"modified":"2019-10-07T12:53:18","modified_gmt":"2019-10-07T15:53:18","slug":"papa-francisco-diz-que-sociedade-deve-respeitar-povos-indigenas-da-amazonia","status":"publish","type":"post","link":"https:\/\/www.caririemacao.com\/1\/2019\/10\/07\/papa-francisco-diz-que-sociedade-deve-respeitar-povos-indigenas-da-amazonia\/","title":{"rendered":"Papa Francisco diz que sociedade deve respeitar povos ind\u00edgenas da Amaz\u00f4nia"},"content":{"rendered":"\n<p>O Papa Francisco afirmou nesta segunda-feira (7) que a sociedade moderna n\u00e3o deve tentar impor suas regras aos povos ind\u00edgenas, mas sim respeitar sua cultura e permitir que eles planejem seu pr\u00f3prio futuro. A declara\u00e7\u00e3o foi dada durante a primeira sess\u00e3o de trabalho dos bispos que participam do S\u00ednodo sobre a Amaz\u00f4nia.<\/p>\n\n\n\n<p>O pont\u00edfice advertiu que \u201cas ideologias s\u00e3o uma arma perigosa\u201d, e defendeu que &#8220;a coloniza\u00e7\u00e3o ideol\u00f3gica \u00e9 muito comum hoje&#8221;. O l\u00edder cat\u00f3lico pediu que se controlem os impulsos &#8220;de domesticar os povos originais&#8221;.<\/p>\n\n\n\n<p>Francisco, que no passado pediu perd\u00e3o em nome da Igreja pelos erros dos mission\u00e1rios europeus que acompanharam os primeiros colonizadores, disse que por muito tempo muitos na Igreja tiveram uma atitude &#8220;depreciativa&#8221; em rela\u00e7\u00e3o aos povos nativos e suas culturas e culturas.<\/p>\n\n\n\n<p>Segundo o papa, os povos ind\u00edgenas querem ser protagonistas de sua pr\u00f3pria hist\u00f3ria. &#8220;Nos aproximamos dos povos amaz\u00f4nicos na ponto do p\u00e9, respeitando sua hist\u00f3ria, suas culturas&#8221;, afirmou. Eles &#8220;possuem uma sabedoria pr\u00f3pria, consci\u00eancia de si, os povos t\u00eam um sentir, uma maneira de ver a realidade, uma hist\u00f3ria&#8221;.<\/p>\n\n\n\n<p>O l\u00edder da Igreja Cat\u00f3lica disse que \u00e9 preciso se afastar de &#8220;coloniza\u00e7\u00f5es ideol\u00f3gicas&#8221;, pois as ideologias s\u00e3o redutivas.<\/p>\n\n\n\n<p>Francisco afirmou, ainda, que a miss\u00e3o do S\u00ednodo sobre a Amaz\u00f4nia \u00e9 servir os povos ind\u00edgenas. &#8220;E fazemos isso recorrendo a um caminho sinodal, n\u00e3o em mesas redondas, confer\u00eancias ou discuss\u00f5es, porque um s\u00ednodo n\u00e3o \u00e9 um parlamento&#8221;. Ele explicou que, em vez disso, o S\u00ednodo \u00e9 &#8220;caminhar juntos sob a inspira\u00e7\u00e3o e guia do Esp\u00edrito Santo&#8221;.<\/p>\n\n\n\n<p><strong>Demarca\u00e7\u00e3o de terras<\/strong><\/p>\n\n\n\n<p>No domingo (6), durante a missa de abertura deste encontro, Papa Francisco denunciou a &#8220;gan\u00e2ncia dos novos colonialismos&#8221;.<\/p>\n\n\n\n<p>&#8220;O fogo ateado por interesses que destroem, como o que devastou recentemente a Amaz\u00f4nia, n\u00e3o \u00e9 do Evangelho. O fogo de Deus \u00e9 calor que atrai e congrega em unidade. Alimenta-se com a partilha, n\u00e3o com os lucros.&#8221;<\/p>\n\n\n\n<p>Francisco pediu para que os participantes do S\u00ednodo falem com liberdade mas tamb\u00e9m ou\u00e7am os outros com humildade durante as tr\u00eas semanas do evento. Ele quer uma &#8220;atmosfera fraternal&#8221; e um clima de &#8220;intimidade&#8221; durante o S\u00ednodo.<\/p>\n\n\n\n<p>O brasileiro de maior destaque no S\u00ednodo dos Bispos sobre a Amaz\u00f4nia, o cardeal Dom Cl\u00e1udio Hummes afirmou na quinta-feira (3) que a demarca\u00e7\u00e3o de terras ind\u00edgenas \u00e9 algo fundamental para a conserva\u00e7\u00e3o da floresta amaz\u00f4nica.<\/p>\n\n\n\n<p>\u201cN\u00f3s sabemos que, para os ind\u00edgenas, isso \u00e9 fundamental. Tamb\u00e9m as reservas geograficamente delimitadas s\u00e3o important\u00edssimas para a preserva\u00e7\u00e3o da Amaz\u00f4nia&#8221;, defendeu.<\/p>\n\n\n\n<p><strong>S\u00ednodo da Amaz\u00f4nia<br><\/strong><\/p>\n\n\n\n<p>O encontro de bispos da Igreja Cat\u00f3lica que neste ano vai discutir a floresta, come\u00e7ou neste domingo e vai at\u00e9 o dia 27 de outubro, no Vaticano. No encontro ser\u00e3o discutidos temas ambientais, sociais e pr\u00f3prios da Igreja Cat\u00f3lica presente nos nove pa\u00edses que compreendem territ\u00f3rios da regi\u00e3o amaz\u00f4nica: Brasil, Bol\u00edvia, Col\u00f4mbia, Equador, Peru, Guiana, Guiana Francesa, Venezuela e Suriname.<\/p>\n\n\n\n<p>Participam bispos, padres e freiras dessa regi\u00e3o, al\u00e9m de estudiosos, pessoas ligadas \u00e0 Organiza\u00e7\u00e3o das Na\u00e7\u00f5es Unidas (ONU) e membros dos escrit\u00f3rios do Vaticano (a C\u00faria Romana).<\/p>\n\n\n\n<p>Como a maior parte da floresta est\u00e1 no Brasil, o s\u00ednodo ter\u00e1 muitos participantes brasileiros. O mais importante deles \u00e9 o relator-geral, respons\u00e1vel pela reda\u00e7\u00e3o dos documentos, o cardeal Dom Cl\u00e1udio Hummes.<\/p>\n\n\n\n<p><strong>O que \u00e9 o S\u00ednodo?<\/strong><\/p>\n\n\n\n<p>A palavra &#8220;s\u00ednodo&#8221; vem do grego \u201cs\u00fdnodos\u201d e quer dizer \u201creuni\u00e3o\u201d. Na Igreja Cat\u00f3lica, o s\u00ednodo pode ser qualquer reuni\u00e3o entre os praticantes desta religi\u00e3o.<\/p>\n\n\n\n<p>Em 1965, Paulo VI criou o S\u00ednodo dos Bispos. A ideia \u00e9 reunir Papa e Bispos para discutir temas importantes que podem ser ou n\u00e3o religiosos. Antes da Amaz\u00f4nia, os temas escolhidos haviam sido jovens e fam\u00edlia, por exemplo.<\/p>\n\n\n\n<p><strong>Por que o s\u00ednodo vai falar da Amaz\u00f4nia?<br><\/strong><\/p>\n\n\n\n<p>O s\u00ednodo deste ano foi convocado em outubro de 2017 pelo Papa Francisco. A ideia, segundo o Vaticano, \u00e9 debater as dificuldades de a Igreja atender os povos da regi\u00e3o, especialmente os ind\u00edgenas.<\/p>\n\n\n\n<p>De acordo com a Igreja Cat\u00f3lica, faltam padres, as dist\u00e2ncias entre as comunidades s\u00e3o longas e a car\u00eancia de servi\u00e7os p\u00fablicos acaba fazendo com que a Igreja assuma pap\u00e9is de assist\u00eancia social.<\/p>\n\n\n\n<p><strong>O que ser\u00e1 discutido no S\u00ednodo da Amaz\u00f4nia?<br><\/strong><\/p>\n\n\n\n<p>O documento que orienta a reuni\u00e3o tem duras cr\u00edticas ao atual modelo de desenvolvimento da Amaz\u00f4nia. Entre os pontos a serem debatidos est\u00e3o:<\/p>\n\n\n\n<ul class=\"wp-block-list\"><li>a complexa situa\u00e7\u00e3o das comunidades ind\u00edgenas e ribeirinhas, em especial os povos isolados;<\/li><li>a explora\u00e7\u00e3o internacional dos recursos naturais da Amaz\u00f4nia;<\/li><li>a viol\u00eancia, o narcotr\u00e1fico e a explora\u00e7\u00e3o sexual dos povos locais;<\/li><li>o extrativismo ilegal e\/ou insustent\u00e1vel;<\/li><li>o desmatamento, o acesso \u00e0 \u00e1gua limpa e amea\u00e7as \u00e0 biodiversidade;<\/li><li>o aquecimento global e poss\u00edveis danos irrevers\u00edveis na Amaz\u00f4nia;<\/li><li>a coniv\u00eancia de governos com projetos econ\u00f4micos que prejudicam o meio ambiente.<\/li><\/ul>\n\n\n\n<p><strong>Por que o Papa Francisco escolheu falar da Amaz\u00f4nia?<br><\/strong><\/p>\n\n\n\n<p>O Papa Francisco \u00e9 o Papa que mais se dedicou \u00e0 pauta ambiental. A enc\u00edclica Laudato si&#8217; (Louvado seja) foi um dos documentos mais importantes que j\u00e1 escreveu e teve impacto, por exemplo, nas discuss\u00f5es que levaram ao Acordo de Paris.<\/p>\n\n\n\n<p>H\u00e1 quatro anos, Francisco lan\u00e7ou uma enc\u00edclica repleta de cr\u00edticas ao modelo de desenvolvimento que destr\u00f3i o meio ambiente sem compromisso com a inclus\u00e3o social.<\/p>\n\n\n\n<p>Para o Papa Francisco, os problemas sociais e ambientais n\u00e3o podem ser analisados separadamente.<\/p>\n","protected":false},"excerpt":{"rendered":"<p>O Papa Francisco afirmou nesta segunda-feira (7) que a sociedade moderna n\u00e3o deve tentar impor suas regras aos povos ind\u00edgenas, mas sim respeitar sua cultura&hellip; <\/p>\n","protected":false},"author":1,"featured_media":124175,"comment_status":"closed","ping_status":"closed","sticky":false,"template":"","format":"standard","meta":{"sfsi_plus_gutenberg_text_before_share":"","sfsi_plus_gutenberg_show_text_before_share":"","sfsi_plus_gutenberg_icon_type":"","sfsi_plus_gutenberg_icon_alignemt":"","sfsi_plus_gutenburg_max_per_row":"","footnotes":""},"categories":[2],"tags":[],"class_list":["post-124174","post","type-post","status-publish","format-standard","has-post-thumbnail","hentry","category-geral"],"_links":{"self":[{"href":"https:\/\/www.caririemacao.com\/1\/wp-json\/wp\/v2\/posts\/124174","targetHints":{"allow":["GET"]}}],"collection":[{"href":"https:\/\/www.caririemacao.com\/1\/wp-json\/wp\/v2\/posts"}],"about":[{"href":"https:\/\/www.caririemacao.com\/1\/wp-json\/wp\/v2\/types\/post"}],"author":[{"embeddable":true,"href":"https:\/\/www.caririemacao.com\/1\/wp-json\/wp\/v2\/users\/1"}],"replies":[{"embeddable":true,"href":"https:\/\/www.caririemacao.com\/1\/wp-json\/wp\/v2\/comments?post=124174"}],"version-history":[{"count":1,"href":"https:\/\/www.caririemacao.com\/1\/wp-json\/wp\/v2\/posts\/124174\/revisions"}],"predecessor-version":[{"id":124176,"href":"https:\/\/www.caririemacao.com\/1\/wp-json\/wp\/v2\/posts\/124174\/revisions\/124176"}],"wp:featuredmedia":[{"embeddable":true,"href":"https:\/\/www.caririemacao.com\/1\/wp-json\/wp\/v2\/media\/124175"}],"wp:attachment":[{"href":"https:\/\/www.caririemacao.com\/1\/wp-json\/wp\/v2\/media?parent=124174"}],"wp:term":[{"taxonomy":"category","embeddable":true,"href":"https:\/\/www.caririemacao.com\/1\/wp-json\/wp\/v2\/categories?post=124174"},{"taxonomy":"post_tag","embeddable":true,"href":"https:\/\/www.caririemacao.com\/1\/wp-json\/wp\/v2\/tags?post=124174"}],"curies":[{"name":"wp","href":"https:\/\/api.w.org\/{rel}","templated":true}]}}