{"id":124180,"date":"2019-10-07T12:56:45","date_gmt":"2019-10-07T15:56:45","guid":{"rendered":"http:\/\/www.caririemacao.com\/1\/?p=124180"},"modified":"2019-10-07T12:56:45","modified_gmt":"2019-10-07T15:56:45","slug":"avenida-brasil-volta-a-ser-exibida-na-tv-globo-nesta-segunda-feira","status":"publish","type":"post","link":"https:\/\/www.caririemacao.com\/1\/2019\/10\/07\/avenida-brasil-volta-a-ser-exibida-na-tv-globo-nesta-segunda-feira\/","title":{"rendered":"&#8216;Avenida Brasil&#8217; volta a ser exibida na TV Globo nesta segunda-feira"},"content":{"rendered":"\n<p>&#8216;Avenida Brasil&#8217;, um dos maiores sucessos da teledramaturgia brasileira, retorna nesta segunda-feira (7) \u00e0 telinha da Globo. A trama, que gira em torno da rivalidade entre Rita\/Nina (D\u00e9bora Falabella) e Carminha (Adriana Esteves), vai ser reprisada no \u201cVale a Pena Ver de Novo\u201d.<\/p>\n\n\n\n<p>O folhetim, assinado por Jo\u00e3o Emanuel Carneiro, retorna sete anos ap\u00f3s a exibi\u00e7\u00e3o de seu \u00faltimo cap\u00edtulo \u2013 no dia 19 de outubro de 2012, o Brasil parou para acompanhar o desfecho da hist\u00f3ria, para saber quem foi o assassino de Max (Marcello Novaes), e o que aconteceria com a vil\u00e3 Carminha. Na \u00e9poca, a mobiliza\u00e7\u00e3o foi t\u00e3o grande que quase provocou um apag\u00e3o no Brasil, chegando a 52 de pontos de audi\u00eancia.&nbsp;<\/p>\n\n\n\n<p>A volta da novela \u00e0s telas da Rede Globo vem causando um tumulto nas redes sociais. Desde este domingo (6), a novela vem sendo um dos assuntos mais comentados das redes sociais.<\/p>\n\n\n\n<figure class=\"wp-block-image\"><img decoding=\"async\" data-src=\"https:\/\/www.clickpb.com.br\/media\/filer_public\/e0\/31\/e0317aaa-e0ab-41d0-ab87-96fbd6a89033\/whatsapp_image_2019-10-07_at_120713.jpeg\" alt=\"\" src=\"data:image\/svg+xml;base64,PHN2ZyB3aWR0aD0iMSIgaGVpZ2h0PSIxIiB4bWxucz0iaHR0cDovL3d3dy53My5vcmcvMjAwMC9zdmciPjwvc3ZnPg==\" class=\"lazyload\" \/><\/figure>\n\n\n\n<p>Cerca de 150 pa\u00edses exibiram a novela \u201cAvenida Brasil\u201d.&nbsp;<\/p>\n\n\n\n<p>Para encerrar as cenas da novela, os personagens eram congelados no \u00e1pice dos acontecimentos. Tamb\u00e9m foi debatido a quest\u00e3o dos moradores e trabalhadores dos lix\u00f5es no Brasil.&nbsp;<\/p>\n\n\n\n<p>A novela trouxe uma protagonista interpretada por D\u00e9bora Falabella que era do bem, por\u00e9m n\u00e3o tinha nada de boba. A novela oficializou o &#8216;poliamor&#8217; com a rela\u00e7\u00e3o de Cadinho (Alexandre Borges), e as suas tr\u00eas mulheres (D\u00e9bora Bloch, Carolina Ferraz e Camila Morgado).<br><\/p>\n\n\n\n<p>Artistas como Adriana Esteves e D\u00e9bora Falabella n\u00e3o escondem a empolga\u00e7\u00e3o do retorno da novela. \u201cCarminha foi, sem d\u00favida, uma personagem absolutamente marcante\u201d, destacou Adriana. \u201cN\u00e3o tem como a vida n\u00e3o mudar depois de ter feito parte de uma novela que foi um fen\u00f4meno\u201d, completou D\u00e9bora.<\/p>\n","protected":false},"excerpt":{"rendered":"<p>&#8216;Avenida Brasil&#8217;, um dos maiores sucessos da teledramaturgia brasileira, retorna nesta segunda-feira (7) \u00e0 telinha da Globo. A trama, que gira em torno da rivalidade&hellip; <\/p>\n","protected":false},"author":1,"featured_media":124181,"comment_status":"closed","ping_status":"closed","sticky":false,"template":"","format":"standard","meta":{"sfsi_plus_gutenberg_text_before_share":"","sfsi_plus_gutenberg_show_text_before_share":"","sfsi_plus_gutenberg_icon_type":"","sfsi_plus_gutenberg_icon_alignemt":"","sfsi_plus_gutenburg_max_per_row":"","footnotes":""},"categories":[2],"tags":[],"class_list":["post-124180","post","type-post","status-publish","format-standard","has-post-thumbnail","hentry","category-geral"],"_links":{"self":[{"href":"https:\/\/www.caririemacao.com\/1\/wp-json\/wp\/v2\/posts\/124180","targetHints":{"allow":["GET"]}}],"collection":[{"href":"https:\/\/www.caririemacao.com\/1\/wp-json\/wp\/v2\/posts"}],"about":[{"href":"https:\/\/www.caririemacao.com\/1\/wp-json\/wp\/v2\/types\/post"}],"author":[{"embeddable":true,"href":"https:\/\/www.caririemacao.com\/1\/wp-json\/wp\/v2\/users\/1"}],"replies":[{"embeddable":true,"href":"https:\/\/www.caririemacao.com\/1\/wp-json\/wp\/v2\/comments?post=124180"}],"version-history":[{"count":1,"href":"https:\/\/www.caririemacao.com\/1\/wp-json\/wp\/v2\/posts\/124180\/revisions"}],"predecessor-version":[{"id":124182,"href":"https:\/\/www.caririemacao.com\/1\/wp-json\/wp\/v2\/posts\/124180\/revisions\/124182"}],"wp:featuredmedia":[{"embeddable":true,"href":"https:\/\/www.caririemacao.com\/1\/wp-json\/wp\/v2\/media\/124181"}],"wp:attachment":[{"href":"https:\/\/www.caririemacao.com\/1\/wp-json\/wp\/v2\/media?parent=124180"}],"wp:term":[{"taxonomy":"category","embeddable":true,"href":"https:\/\/www.caririemacao.com\/1\/wp-json\/wp\/v2\/categories?post=124180"},{"taxonomy":"post_tag","embeddable":true,"href":"https:\/\/www.caririemacao.com\/1\/wp-json\/wp\/v2\/tags?post=124180"}],"curies":[{"name":"wp","href":"https:\/\/api.w.org\/{rel}","templated":true}]}}