{"id":124183,"date":"2019-10-07T12:59:27","date_gmt":"2019-10-07T15:59:27","guid":{"rendered":"http:\/\/www.caririemacao.com\/1\/?p=124183"},"modified":"2019-10-07T12:59:27","modified_gmt":"2019-10-07T15:59:27","slug":"ifpb-oferta-200-vagas-para-licenciatura-em-letras-com-habilitacao-em-lingua-portuguesa","status":"publish","type":"post","link":"https:\/\/www.caririemacao.com\/1\/2019\/10\/07\/ifpb-oferta-200-vagas-para-licenciatura-em-letras-com-habilitacao-em-lingua-portuguesa\/","title":{"rendered":"IFPB oferta 200 vagas para licenciatura em Letras com habilita\u00e7\u00e3o em L\u00edngua Portuguesa"},"content":{"rendered":"\n<figure class=\"wp-block-image\"><img decoding=\"async\" data-src=\"https:\/\/thumbor.clickpb.com.br\/kpV6sGZ9_2z-yrhrdOE9D5tiIN4=\/876x585\/top\/smart\/www.clickpb.com.br\/media\/filer_public\/53\/05\/53055a9f-bdd0-4938-b800-49f82cf7c48b\/centro-de-referencia-em-navegacao-do-ifpb-abre-40-vagas-para-curso.jpg\" alt=\"\" src=\"data:image\/svg+xml;base64,PHN2ZyB3aWR0aD0iMSIgaGVpZ2h0PSIxIiB4bWxucz0iaHR0cDovL3d3dy53My5vcmcvMjAwMC9zdmciPjwvc3ZnPg==\" class=\"lazyload\" \/><figcaption>H\u00e1 vagas em quatro campi (Foto: Reprodu\u00e7\u00e3o)<\/figcaption><\/figure>\n\n\n\n<p>O Instituto Federal da Para\u00edba (IFPB) abriu processo seletivo simplificado para ingresso no Curso de Licenciatura em Letras, na modalidade Educa\u00e7\u00e3o a Dist\u00e2ncia (EAD). Est\u00e3o sendo ofertadas 200 vagas distribu\u00eddas em quatro campi: Jo\u00e3o Pessoa, Campina Grande, Picu\u00ed e Sousa. O per\u00edodo de inscri\u00e7\u00e3o vai at\u00e9 o pr\u00f3ximo dia 10 de outubro. As vagas s\u00e3o para o primeiro semestre letivo de 2020.<\/p>\n\n\n\n<p>Para se inscrever, o candidato deve preencher o formul\u00e1rio de inscri\u00e7\u00e3o dispon\u00edvel no site do instituto. \u00c9 necess\u00e1rio tamb\u00e9m protocolar a documenta\u00e7\u00e3o exigida: documentos comprobat\u00f3rios para docentes da rede p\u00fablica; ou Boletim de Desempenho do Enem para os demais candidatos.<\/p>\n\n\n\n<p>O edital \u00e9 aberto a todas as pessoas que tenham conclu\u00eddo o ensino m\u00e9dio ou equivalente, (e que, no ato da matr\u00edcula, j\u00e1 tenham adquirido o certificado de conclus\u00e3o do ensino m\u00e9dio) e que pretendem obter o Diploma de Licenciatura em Letras com Habilita\u00e7\u00e3o em L\u00edngua Portuguesa.<\/p>\n","protected":false},"excerpt":{"rendered":"<p>O Instituto Federal da Para\u00edba (IFPB) abriu processo seletivo simplificado para ingresso no Curso de Licenciatura em Letras, na modalidade Educa\u00e7\u00e3o a Dist\u00e2ncia (EAD). Est\u00e3o&hellip; <\/p>\n","protected":false},"author":1,"featured_media":86681,"comment_status":"closed","ping_status":"closed","sticky":false,"template":"","format":"standard","meta":{"sfsi_plus_gutenberg_text_before_share":"","sfsi_plus_gutenberg_show_text_before_share":"","sfsi_plus_gutenberg_icon_type":"","sfsi_plus_gutenberg_icon_alignemt":"","sfsi_plus_gutenburg_max_per_row":"","footnotes":""},"categories":[14],"tags":[],"class_list":["post-124183","post","type-post","status-publish","format-standard","has-post-thumbnail","hentry","category-educacao"],"_links":{"self":[{"href":"https:\/\/www.caririemacao.com\/1\/wp-json\/wp\/v2\/posts\/124183","targetHints":{"allow":["GET"]}}],"collection":[{"href":"https:\/\/www.caririemacao.com\/1\/wp-json\/wp\/v2\/posts"}],"about":[{"href":"https:\/\/www.caririemacao.com\/1\/wp-json\/wp\/v2\/types\/post"}],"author":[{"embeddable":true,"href":"https:\/\/www.caririemacao.com\/1\/wp-json\/wp\/v2\/users\/1"}],"replies":[{"embeddable":true,"href":"https:\/\/www.caririemacao.com\/1\/wp-json\/wp\/v2\/comments?post=124183"}],"version-history":[{"count":1,"href":"https:\/\/www.caririemacao.com\/1\/wp-json\/wp\/v2\/posts\/124183\/revisions"}],"predecessor-version":[{"id":124184,"href":"https:\/\/www.caririemacao.com\/1\/wp-json\/wp\/v2\/posts\/124183\/revisions\/124184"}],"wp:featuredmedia":[{"embeddable":true,"href":"https:\/\/www.caririemacao.com\/1\/wp-json\/wp\/v2\/media\/86681"}],"wp:attachment":[{"href":"https:\/\/www.caririemacao.com\/1\/wp-json\/wp\/v2\/media?parent=124183"}],"wp:term":[{"taxonomy":"category","embeddable":true,"href":"https:\/\/www.caririemacao.com\/1\/wp-json\/wp\/v2\/categories?post=124183"},{"taxonomy":"post_tag","embeddable":true,"href":"https:\/\/www.caririemacao.com\/1\/wp-json\/wp\/v2\/tags?post=124183"}],"curies":[{"name":"wp","href":"https:\/\/api.w.org\/{rel}","templated":true}]}}