{"id":124187,"date":"2019-10-07T13:04:39","date_gmt":"2019-10-07T16:04:39","guid":{"rendered":"http:\/\/www.caririemacao.com\/1\/?p=124187"},"modified":"2019-10-07T13:04:39","modified_gmt":"2019-10-07T16:04:39","slug":"querem-me-derrubar-tenho-couro-duro-diz-bolsonaro-sobre-relacao-com-imprensa","status":"publish","type":"post","link":"https:\/\/www.caririemacao.com\/1\/2019\/10\/07\/querem-me-derrubar-tenho-couro-duro-diz-bolsonaro-sobre-relacao-com-imprensa\/","title":{"rendered":"\u201cQuerem me derrubar? Tenho couro duro\u201d, diz Bolsonaro sobre rela\u00e7\u00e3o com imprensa"},"content":{"rendered":"\n<p>(FOLHAPRESS) \u2013 Em uma nova radicaliza\u00e7\u00e3o de seu discurso, o presidente Jair Bolsonaro acusou nesta segunda-feira (7) a imprensa de mentir e difamar e questionou se o objetivo dos ve\u00edculos de comunica\u00e7\u00e3o \u00e9 derrub\u00e1-lo do cargo. Ao deixar o Pal\u00e1cio da Alvorada, onde cumprimentou um grupo de simpatizantes, ele afirmou que a cobertura da m\u00eddia ao seu governo n\u00e3o pode continuar com \u201ccovardia\u201d e \u201cpatifaria\u201d.<\/p>\n\n\n\n<p>\u201cEu lamento a imprensa brasileira agir dessa maneira. O tempo todo mentindo, distorcendo, difamando. Voc\u00eas querem me derrubar? Eu tenho couro duro, vai ser dif\u00edcil. Continuem mentindo\u201d, disse.<\/p>\n\n\n\n<p>As cr\u00edticas do presidente foram direcionadas \u00e0 Folha de S. Paulo e ao jornal Correio Braziliense.<\/p>\n\n\n\n<p>No domingo (6), a Folha de S. Paulo revelou que um depoimento e uma planilha obtidos pela Pol\u00edcia Federal sugerem que recursos do esquema de candidaturas laranjas do PSL em Minas Gerais foram desviados para abastecer, por meio de caixa dois, a campanha de Bolsonaro.<\/p>\n\n\n\n<p>A partir das informa\u00e7\u00f5es, a Pol\u00edcia Federal sugeriu ao Minist\u00e9rio P\u00fablico a abertura de uma segunda investiga\u00e7\u00e3o em decorr\u00eancia do esc\u00e2ndalo em Minas Gerais, desta vez especificamente para as contas de campanha do ministro do Turismo, Marcelo \u00c1lvaro Ant\u00f4nio.<\/p>\n\n\n\n<p>Segundo reportagem publicada, um depoimento dado \u00e0 Pol\u00edcia Federal e uma planilha apreendida em uma gr\u00e1fica sugerem que dinheiro do esquema de candidatas laranjas do PSL em Minas Gerais foi desviado para abastecer, por meio de caixa dois, as duas campanhas.<\/p>\n\n\n\n<p>O depoimento foi dado por Haissander Souza de Paula, assessor parlamentar de \u00c1lvaro Ant\u00f4nio \u00e0 \u00e9poca e coordenador de sua campanha a deputado federal no Vale do Rio Doce (MG). Ele disse \u00e0 PF que \u201cacha que parte dos valores depositados para as campanhas femininas, na verdade, foi usada para pagar material de campanha de Marcelo \u00c1lvaro Ant\u00f4nio e de Jair Bolsonaro\u201d.<\/p>\n\n\n\n<p>Em uma planilha, nomeada como \u201cMarceloAlvaro.xlsx\u201d, h\u00e1 refer\u00eancia ao fornecimento de material eleitoral para a campanha de Bolsonaro com a express\u00e3o \u201cout\u201d, o que significa, na compreens\u00e3o de investigadores, pagamento \u201cpor fora\u201d.<\/p>\n\n\n\n<p>J\u00e1 o Correio Braziliense, em reportagem nesta segunda-feira (7), afirmou que o presidente encaminhar\u00e1 ao Poder Legislativo projeto de reforma administrativa que deve prever o fim da estabilidade para servidores p\u00fablicos.<\/p>\n\n\n\n<p>\u201cDe novo hoje, capa do Correio Braziliense, que eu vou acabar com a estabilidade do servidor. N\u00e3o d\u00e1 para continuar com tanta patifaria por parte de voc\u00eas. Isso \u00e9 covardia e patifaria. Nunca falei nesse assunto. Querem jogar o servidor contra mim. Como ontem a Folha de S.Paulo querendo me ligar ao problema de Minas Gerais. Um esgoto a Folha de S.Paulo\u201d, criticou Bolsonaro.<\/p>\n\n\n\n<p>RECOMENDA\u00c7\u00c3O<br>Por uma recomenda\u00e7\u00e3o da \u00e1rea de comunica\u00e7\u00e3o, o presidente n\u00e3o tem mais respondido a perguntas dos ve\u00edculos de imprensa na entrada do Pal\u00e1cio da Alvorada, onde ele costumava promover entrevistas di\u00e1rias. A mudan\u00e7a ocorreu no final do m\u00eas passado, ap\u00f3s ele ter se irritado com a cobertura da imprensa brasileira sobre seu discurso na abertura da Assembleia Geral da ONU.<\/p>\n\n\n\n<p>A orienta\u00e7\u00e3o foi para que o presidente converse apenas com os eleitores presentes, destacando pautas positivas e evitando assuntos inc\u00f4modos de sua administra\u00e7\u00e3o, como o fato de ele n\u00e3o ter se pronunciado sobre a morte da menina \u00c1gatha F\u00e9lix, do Rio de Janeiro.<\/p>\n\n\n\n<p>Para desviar de pauta negativas, o presidente tamb\u00e9m suspendeu os caf\u00e9s da manh\u00e3 que promovia com ve\u00edculos de imprensa. No \u00faltimo deles, em julho, Bolsonaro se referiu a nordestinos como \u201cpara\u00edbas\u201d e disse que n\u00e3o havia fome no Brasil.<\/p>\n\n\n\n<p>No domingo (6), o chefe da Secom (Secretaria Especial de Comunica\u00e7\u00e3o Social) da Presid\u00eancia da Rep\u00fablica, Fabio Wajngarten, sugeriu um boicote publicit\u00e1rio a ve\u00edculos de imprensa que produzem, no seu entender, \u201cmanchetes escandalosas\u201d.<\/p>\n\n\n\n<p>O presidente tamb\u00e9m fez refer\u00eancia \u00e0s empresas que s\u00e3o anunciantes na Folha. \u201cO que mais me surpreende s\u00e3o os patrocinadores que anunciam nesse nesse jornaleco chamado de Folha de S.Paulo\u201d, disse no domingo.<\/p>\n\n\n\n<p>Em uma nota conjunta, a Aner (Associa\u00e7\u00e3o Nacional de Editores de Revistas) e a ANJ (Associa\u00e7\u00e3o Nacional de Jornais) disseram condenar a manifesta\u00e7\u00e3o e repudiar a conclama\u00e7\u00e3o&nbsp;feita pelo secret\u00e1rio aos anunciantes.<\/p>\n","protected":false},"excerpt":{"rendered":"<p>(FOLHAPRESS) \u2013 Em uma nova radicaliza\u00e7\u00e3o de seu discurso, o presidente Jair Bolsonaro acusou nesta segunda-feira (7) a imprensa de mentir e difamar e questionou&hellip; <\/p>\n","protected":false},"author":1,"featured_media":124188,"comment_status":"closed","ping_status":"closed","sticky":false,"template":"","format":"standard","meta":{"sfsi_plus_gutenberg_text_before_share":"","sfsi_plus_gutenberg_show_text_before_share":"","sfsi_plus_gutenberg_icon_type":"","sfsi_plus_gutenberg_icon_alignemt":"","sfsi_plus_gutenburg_max_per_row":"","footnotes":""},"categories":[11],"tags":[],"class_list":["post-124187","post","type-post","status-publish","format-standard","has-post-thumbnail","hentry","category-politica"],"_links":{"self":[{"href":"https:\/\/www.caririemacao.com\/1\/wp-json\/wp\/v2\/posts\/124187","targetHints":{"allow":["GET"]}}],"collection":[{"href":"https:\/\/www.caririemacao.com\/1\/wp-json\/wp\/v2\/posts"}],"about":[{"href":"https:\/\/www.caririemacao.com\/1\/wp-json\/wp\/v2\/types\/post"}],"author":[{"embeddable":true,"href":"https:\/\/www.caririemacao.com\/1\/wp-json\/wp\/v2\/users\/1"}],"replies":[{"embeddable":true,"href":"https:\/\/www.caririemacao.com\/1\/wp-json\/wp\/v2\/comments?post=124187"}],"version-history":[{"count":1,"href":"https:\/\/www.caririemacao.com\/1\/wp-json\/wp\/v2\/posts\/124187\/revisions"}],"predecessor-version":[{"id":124189,"href":"https:\/\/www.caririemacao.com\/1\/wp-json\/wp\/v2\/posts\/124187\/revisions\/124189"}],"wp:featuredmedia":[{"embeddable":true,"href":"https:\/\/www.caririemacao.com\/1\/wp-json\/wp\/v2\/media\/124188"}],"wp:attachment":[{"href":"https:\/\/www.caririemacao.com\/1\/wp-json\/wp\/v2\/media?parent=124187"}],"wp:term":[{"taxonomy":"category","embeddable":true,"href":"https:\/\/www.caririemacao.com\/1\/wp-json\/wp\/v2\/categories?post=124187"},{"taxonomy":"post_tag","embeddable":true,"href":"https:\/\/www.caririemacao.com\/1\/wp-json\/wp\/v2\/tags?post=124187"}],"curies":[{"name":"wp","href":"https:\/\/api.w.org\/{rel}","templated":true}]}}