{"id":124192,"date":"2019-10-07T13:06:15","date_gmt":"2019-10-07T16:06:15","guid":{"rendered":"http:\/\/www.caririemacao.com\/1\/?p=124192"},"modified":"2019-10-07T13:06:15","modified_gmt":"2019-10-07T16:06:15","slug":"joao-azevedo-diz-que-so-ele-e-ligia-sao-nomes-fixos-na-gestao-e-mudancas-sao-comuns","status":"publish","type":"post","link":"https:\/\/www.caririemacao.com\/1\/2019\/10\/07\/joao-azevedo-diz-que-so-ele-e-ligia-sao-nomes-fixos-na-gestao-e-mudancas-sao-comuns\/","title":{"rendered":"Jo\u00e3o Azev\u00eado diz que s\u00f3 ele e L\u00edgia s\u00e3o nomes fixos na gest\u00e3o e mudan\u00e7as s\u00e3o comuns"},"content":{"rendered":"\n<p>O governador da Para\u00edba, Jo\u00e3o Azev\u00eado, afirmou que apenas ele e a vice-governadora L\u00edgia Feliciano s\u00e3o nomes fixos nesses quatro anos de mandato. De resto, tudo pode mudar. A declara\u00e7\u00e3o foi dada antes do in\u00edcio da reuni\u00e3o administrativa com o secretariado do Estado, no Centro de Conven\u00e7\u00f5es de Jo\u00e3o Pessoa, na manh\u00e3 desta segunda-feira (7).<\/p>\n\n\n\n<p>O governador avaliou como uma coisa comum, a mudan\u00e7a de secret\u00e1rios. \u201cVai acontecer at\u00e9 o \u00faltimo dia do meu mandato se for necess\u00e1rio\u201d, comentou.<\/p>\n\n\n\n<p>Sobre a crise no PSB, o governador voltou a dizer que \u201cpartido \u00e9 partido, governo \u00e9 governo\u201d. E acrescentou que se algu\u00e9m da equipe n\u00e3o conseguir fazer essa distin\u00e7\u00e3o ter\u00e1 que deixar o Governo. Questionado se temia algum tipo de boicote interno, ele ressaltou que se for observado algum movimento no sentido de lentid\u00e3o nos trabalhos, ser\u00e3o tomadas as provid\u00eancias necess\u00e1rias.<\/p>\n\n\n\n<p>De acordo com o governador, a reuni\u00e3o dessa segunda tem por objetivo o planejamento do \u00faltimo trimestre do ano. \u201c\u00c9 important\u00edssimo que a gente chegue no final do ano fechando as contas corretamente, com os par\u00e2metros exigidos por lei\u201d, disse.<\/p>\n\n\n\n<p>Ele admitiu, no entanto, que \u00e9 poss\u00edvel que a pol\u00edtica, especialmente a crise no PSB, tamb\u00e9m se torne pauta. \u201cSer\u00e1 aberta a fala para as pessoas ent\u00e3o \u00e9 poss\u00edvel que se puxe esse assunto\u201d.<\/p>\n\n\n\n<figure><iframe data-src=\"https:\/\/www.youtube.com\/embed\/nNc8pNFFiJM\" allowfullscreen=\"\" width=\"560\" height=\"315\" src=\"data:image\/svg+xml;base64,PHN2ZyB3aWR0aD0iMSIgaGVpZ2h0PSIxIiB4bWxucz0iaHR0cDovL3d3dy53My5vcmcvMjAwMC9zdmciPjwvc3ZnPg==\" class=\"lazyload\" data-load-mode=\"1\"><\/iframe><\/figure>\n","protected":false},"excerpt":{"rendered":"<p>O governador da Para\u00edba, Jo\u00e3o Azev\u00eado, afirmou que apenas ele e a vice-governadora L\u00edgia Feliciano s\u00e3o nomes fixos nesses quatro anos de mandato. De resto,&hellip; <\/p>\n","protected":false},"author":1,"featured_media":124193,"comment_status":"closed","ping_status":"closed","sticky":false,"template":"","format":"standard","meta":{"sfsi_plus_gutenberg_text_before_share":"","sfsi_plus_gutenberg_show_text_before_share":"","sfsi_plus_gutenberg_icon_type":"","sfsi_plus_gutenberg_icon_alignemt":"","sfsi_plus_gutenburg_max_per_row":"","footnotes":""},"categories":[11],"tags":[],"class_list":["post-124192","post","type-post","status-publish","format-standard","has-post-thumbnail","hentry","category-politica"],"_links":{"self":[{"href":"https:\/\/www.caririemacao.com\/1\/wp-json\/wp\/v2\/posts\/124192","targetHints":{"allow":["GET"]}}],"collection":[{"href":"https:\/\/www.caririemacao.com\/1\/wp-json\/wp\/v2\/posts"}],"about":[{"href":"https:\/\/www.caririemacao.com\/1\/wp-json\/wp\/v2\/types\/post"}],"author":[{"embeddable":true,"href":"https:\/\/www.caririemacao.com\/1\/wp-json\/wp\/v2\/users\/1"}],"replies":[{"embeddable":true,"href":"https:\/\/www.caririemacao.com\/1\/wp-json\/wp\/v2\/comments?post=124192"}],"version-history":[{"count":1,"href":"https:\/\/www.caririemacao.com\/1\/wp-json\/wp\/v2\/posts\/124192\/revisions"}],"predecessor-version":[{"id":124194,"href":"https:\/\/www.caririemacao.com\/1\/wp-json\/wp\/v2\/posts\/124192\/revisions\/124194"}],"wp:featuredmedia":[{"embeddable":true,"href":"https:\/\/www.caririemacao.com\/1\/wp-json\/wp\/v2\/media\/124193"}],"wp:attachment":[{"href":"https:\/\/www.caririemacao.com\/1\/wp-json\/wp\/v2\/media?parent=124192"}],"wp:term":[{"taxonomy":"category","embeddable":true,"href":"https:\/\/www.caririemacao.com\/1\/wp-json\/wp\/v2\/categories?post=124192"},{"taxonomy":"post_tag","embeddable":true,"href":"https:\/\/www.caririemacao.com\/1\/wp-json\/wp\/v2\/tags?post=124192"}],"curies":[{"name":"wp","href":"https:\/\/api.w.org\/{rel}","templated":true}]}}