{"id":124196,"date":"2019-10-07T13:07:51","date_gmt":"2019-10-07T16:07:51","guid":{"rendered":"http:\/\/www.caririemacao.com\/1\/?p=124196"},"modified":"2019-10-07T13:07:51","modified_gmt":"2019-10-07T16:07:51","slug":"governador-ira-a-brasilia-discutir-pauta-federativa-e-pleitos-paraibanos","status":"publish","type":"post","link":"https:\/\/www.caririemacao.com\/1\/2019\/10\/07\/governador-ira-a-brasilia-discutir-pauta-federativa-e-pleitos-paraibanos\/","title":{"rendered":"Governador ir\u00e1 a Bras\u00edlia discutir pauta federativa e pleitos paraibanos"},"content":{"rendered":"\n<p>O governador da Para\u00edba, Jo\u00e3o Azev\u00eado, se re\u00fane, na manh\u00e3 dessa ter\u00e7a-feira (8), com o F\u00f3rum de Governadores do Brasil, em Bras\u00edlia. O assunto ser\u00e1 a pauta federativa, quest\u00f5es como as mudan\u00e7as da previd\u00eancia e mudan\u00e7as tribut\u00e1rias, conforme explicou o governador.<\/p>\n\n\n\n<p>No per\u00edodo da tarde, a reuni\u00e3o ser\u00e1 com a bancada federal paraibana, para discutir os pleitos do Estado. Jo\u00e3o Azev\u00eado explicou que a inten\u00e7\u00e3o \u00e9 conseguir apoio dos deputados federais para os pleitos paraibanos, independente de partido. \u201cTemos que entender que a disputa pol\u00edtica fica na Para\u00edba, quando se trata de defender os interesses da Para\u00edba em Bras\u00edlia, a bancada tem que estar unida\u201d.<\/p>\n\n\n\n<p>Ainda sobre partidos, o governador reagiu a cr\u00edticas por ter recebido o ministro-chefe da Secretaria de Governo da Presid\u00eancia da Rep\u00fablica, General Ramos. \u201cA rela\u00e7\u00e3o institucional \u00e9 obrigat\u00f3ria, mas receber n\u00e3o \u00e9 a mesma coisa de fazer acordo pol\u00edtico\u201d, disse Jo\u00e3o, acrescentado que a reuni\u00e3o com o ministro foi produtiva.<\/p>\n\n\n\n<p>Na pr\u00f3xima quinta-feira (10), o governador cumpre agenda em Campina Grande, onde haver\u00e1 uma grande festa para comemorar o anivers\u00e1rio da cidade, al\u00e9m de entregar e anunciar grandes obras. \u201cN\u00e3o vou quebrar a surpresa dizendo o que ser\u00e1 anunciado l\u00e1\u201d, disse Jo\u00e3o.<br><\/p>\n","protected":false},"excerpt":{"rendered":"<p>O governador da Para\u00edba, Jo\u00e3o Azev\u00eado, se re\u00fane, na manh\u00e3 dessa ter\u00e7a-feira (8), com o F\u00f3rum de Governadores do Brasil, em Bras\u00edlia. O assunto ser\u00e1&hellip; <\/p>\n","protected":false},"author":1,"featured_media":124197,"comment_status":"closed","ping_status":"closed","sticky":false,"template":"","format":"standard","meta":{"sfsi_plus_gutenberg_text_before_share":"","sfsi_plus_gutenberg_show_text_before_share":"","sfsi_plus_gutenberg_icon_type":"","sfsi_plus_gutenberg_icon_alignemt":"","sfsi_plus_gutenburg_max_per_row":"","footnotes":""},"categories":[11],"tags":[],"class_list":["post-124196","post","type-post","status-publish","format-standard","has-post-thumbnail","hentry","category-politica"],"_links":{"self":[{"href":"https:\/\/www.caririemacao.com\/1\/wp-json\/wp\/v2\/posts\/124196","targetHints":{"allow":["GET"]}}],"collection":[{"href":"https:\/\/www.caririemacao.com\/1\/wp-json\/wp\/v2\/posts"}],"about":[{"href":"https:\/\/www.caririemacao.com\/1\/wp-json\/wp\/v2\/types\/post"}],"author":[{"embeddable":true,"href":"https:\/\/www.caririemacao.com\/1\/wp-json\/wp\/v2\/users\/1"}],"replies":[{"embeddable":true,"href":"https:\/\/www.caririemacao.com\/1\/wp-json\/wp\/v2\/comments?post=124196"}],"version-history":[{"count":1,"href":"https:\/\/www.caririemacao.com\/1\/wp-json\/wp\/v2\/posts\/124196\/revisions"}],"predecessor-version":[{"id":124198,"href":"https:\/\/www.caririemacao.com\/1\/wp-json\/wp\/v2\/posts\/124196\/revisions\/124198"}],"wp:featuredmedia":[{"embeddable":true,"href":"https:\/\/www.caririemacao.com\/1\/wp-json\/wp\/v2\/media\/124197"}],"wp:attachment":[{"href":"https:\/\/www.caririemacao.com\/1\/wp-json\/wp\/v2\/media?parent=124196"}],"wp:term":[{"taxonomy":"category","embeddable":true,"href":"https:\/\/www.caririemacao.com\/1\/wp-json\/wp\/v2\/categories?post=124196"},{"taxonomy":"post_tag","embeddable":true,"href":"https:\/\/www.caririemacao.com\/1\/wp-json\/wp\/v2\/tags?post=124196"}],"curies":[{"name":"wp","href":"https:\/\/api.w.org\/{rel}","templated":true}]}}