{"id":124220,"date":"2019-10-07T13:20:21","date_gmt":"2019-10-07T16:20:21","guid":{"rendered":"http:\/\/www.caririemacao.com\/1\/?p=124220"},"modified":"2019-10-07T13:20:21","modified_gmt":"2019-10-07T16:20:21","slug":"ufcg-abre-inscricoes-para-selecao-nos-mestrados-em-historia-e-ciencia-politica","status":"publish","type":"post","link":"https:\/\/www.caririemacao.com\/1\/2019\/10\/07\/ufcg-abre-inscricoes-para-selecao-nos-mestrados-em-historia-e-ciencia-politica\/","title":{"rendered":"UFCG abre inscri\u00e7\u00f5es para sele\u00e7\u00e3o nos mestrados em Hist\u00f3ria e Ci\u00eancia Pol\u00edtica"},"content":{"rendered":"\n<p>A Universidade Federal de Campina Grande (UFCG) abriu, nesta ter\u00e7a-feira, dia 1\u00b0, inscri\u00e7\u00f5es para dois processos seletivos para ingresso em mestrados acad\u00eamicos da institui\u00e7\u00e3o. S\u00e3o ofertadas 25 vagas para o Programa de P\u00f3s-Gradua\u00e7\u00e3o em Hist\u00f3ria (PPGH) e 20 vagas para o Programa de P\u00f3s-Gradua\u00e7\u00e3o em Ci\u00eancia Pol\u00edtica (PPGCP).<\/p>\n\n\n\n<p>O PPGH possui \u00e1rea de concentra\u00e7\u00e3o em Hist\u00f3ria, Cultura e Sociedade e as seguintes linhas de pesquisa: Cultura e Cidades; Cultura, Poder e Identidades; e Hist\u00f3ria Cultural das Pr\u00e1ticas Educativas.<\/p>\n\n\n\n<p>As inscri\u00e7\u00f5es seguem at\u00e9 o dia 13. Os candidatos devem encaminhar toda a documenta\u00e7\u00e3o exigida em edital, digitalizada em em arquivo \u00fanico em formato PDF, para o e-mail da linha de pesquisa \u00e0 qual est\u00e1 submetendo seu projeto:&nbsp;ppghlinha1@gmail.com,&nbsp;ppghlinha2@gmail.com&nbsp;ou&nbsp;ppghlinha3@gmail.com.<\/p>\n\n\n\n<p>J\u00e1 o PPGCP, tem \u00e1rea de concentra\u00e7\u00e3o em Estado e Governo e linhas de pesquisa em Institui\u00e7\u00f5es Pol\u00edticas, e Pol\u00edticas P\u00fablicas e Inova\u00e7\u00e3o Institucional. As inscri\u00e7\u00f5es v\u00e3o at\u00e9 o dia 31. Os interessados devem se dirigir ao Setor de Protocolo da UFCG, em um dos sete campi da institui\u00e7\u00e3o, com a documenta\u00e7\u00e3o exigida em edital.<\/p>\n\n\n\n<p>As sele\u00e7\u00f5es ser\u00e3o feitas por meio de prova escrita, entrevista e an\u00e1lise do curr\u00edculo. No caso do mestrado em Ci\u00eancia Pol\u00edtica, haver\u00e1, ainda, prova de Ingl\u00eas.<br><\/p>\n","protected":false},"excerpt":{"rendered":"<p>A Universidade Federal de Campina Grande (UFCG) abriu, nesta ter\u00e7a-feira, dia 1\u00b0, inscri\u00e7\u00f5es para dois processos seletivos para ingresso em mestrados acad\u00eamicos da institui\u00e7\u00e3o. S\u00e3o&hellip; <\/p>\n","protected":false},"author":1,"featured_media":45404,"comment_status":"closed","ping_status":"closed","sticky":false,"template":"","format":"standard","meta":{"sfsi_plus_gutenberg_text_before_share":"","sfsi_plus_gutenberg_show_text_before_share":"","sfsi_plus_gutenberg_icon_type":"","sfsi_plus_gutenberg_icon_alignemt":"","sfsi_plus_gutenburg_max_per_row":"","footnotes":""},"categories":[14],"tags":[],"class_list":["post-124220","post","type-post","status-publish","format-standard","has-post-thumbnail","hentry","category-educacao"],"_links":{"self":[{"href":"https:\/\/www.caririemacao.com\/1\/wp-json\/wp\/v2\/posts\/124220","targetHints":{"allow":["GET"]}}],"collection":[{"href":"https:\/\/www.caririemacao.com\/1\/wp-json\/wp\/v2\/posts"}],"about":[{"href":"https:\/\/www.caririemacao.com\/1\/wp-json\/wp\/v2\/types\/post"}],"author":[{"embeddable":true,"href":"https:\/\/www.caririemacao.com\/1\/wp-json\/wp\/v2\/users\/1"}],"replies":[{"embeddable":true,"href":"https:\/\/www.caririemacao.com\/1\/wp-json\/wp\/v2\/comments?post=124220"}],"version-history":[{"count":1,"href":"https:\/\/www.caririemacao.com\/1\/wp-json\/wp\/v2\/posts\/124220\/revisions"}],"predecessor-version":[{"id":124221,"href":"https:\/\/www.caririemacao.com\/1\/wp-json\/wp\/v2\/posts\/124220\/revisions\/124221"}],"wp:featuredmedia":[{"embeddable":true,"href":"https:\/\/www.caririemacao.com\/1\/wp-json\/wp\/v2\/media\/45404"}],"wp:attachment":[{"href":"https:\/\/www.caririemacao.com\/1\/wp-json\/wp\/v2\/media?parent=124220"}],"wp:term":[{"taxonomy":"category","embeddable":true,"href":"https:\/\/www.caririemacao.com\/1\/wp-json\/wp\/v2\/categories?post=124220"},{"taxonomy":"post_tag","embeddable":true,"href":"https:\/\/www.caririemacao.com\/1\/wp-json\/wp\/v2\/tags?post=124220"}],"curies":[{"name":"wp","href":"https:\/\/api.w.org\/{rel}","templated":true}]}}