{"id":124222,"date":"2019-10-07T13:22:31","date_gmt":"2019-10-07T16:22:31","guid":{"rendered":"http:\/\/www.caririemacao.com\/1\/?p=124222"},"modified":"2019-10-07T13:22:31","modified_gmt":"2019-10-07T16:22:31","slug":"weintraub-diz-que-esta-tudo-pronto-para-o-enem-e-pede-que-nao-caiam-em-fake-news","status":"publish","type":"post","link":"https:\/\/www.caririemacao.com\/1\/2019\/10\/07\/weintraub-diz-que-esta-tudo-pronto-para-o-enem-e-pede-que-nao-caiam-em-fake-news\/","title":{"rendered":"Weintraub diz que est\u00e1 tudo pronto para o Enem e pede que n\u00e3o caiam em fake news"},"content":{"rendered":"\n<p>Nos pr\u00f3ximos dias, o Minist\u00e9rio da Educa\u00e7\u00e3o deve lan\u00e7ar o Programa de Incentivo ao Ensino T\u00e9cnico, nas institui\u00e7\u00f5es educacionais. O \u201cNovos Caminhos\u201d foi mencionado pelo ministro da Educa\u00e7\u00e3o, Abraham Weintraub, em entrevista \u00e0&nbsp;<strong>R\u00e1dio Nacional da Amaz\u00f4nia<\/strong>, da&nbsp;<strong>EBC<\/strong>, a&nbsp;<strong>Empresa Brasil de Comunica\u00e7\u00e3o<\/strong>.<\/p>\n\n\n\n<p>H\u00e1 pouco menos de um m\u00eas para o primeiro domingo de provas do Enem, o Exame Nacional do Ensino M\u00e9dio, em todo o pa\u00eds, o ministro j\u00e1 adiantou que est\u00e1 tudo pronto, provas impressas e encaminhadas para todas as unidades da federa\u00e7\u00e3o. E fez um apelo aos estudantes: que n\u00e3o caiam em fake news sobre o exame.<\/p>\n\n\n\n<p>Durante o bate-papo, Weintraub ainda citou medidas realizadas pelo Minist\u00e9rio da Educa\u00e7\u00e3o, incluindo o rec\u00e9m-lan\u00e7ado programa de escolas c\u00edvico-militares. Ao p\u00fablico da Regi\u00e3o Norte, o ministro informou que os governadores de todos os sete estados aderiram. E lamentou que oito estados da Regi\u00e3o Nordeste n\u00e3o mostraram interesse, assim como o Rio de Janeiro.<\/p>\n\n\n\n<p>Al\u00e9m disso, Abraham Weintraub voltou a dizer que, at\u00e9 o fim do m\u00eas, o minist\u00e9rio anunciar\u00e1 um novo descontingenciamento de verbas na pasta. Atualmente, a Educa\u00e7\u00e3o tem R$ 3,8 bilh\u00f5es contingenciados.<\/p>\n\n\n\n<p>Na semana passada, o Minist\u00e9rio da Educa\u00e7\u00e3o anunciou o desbloqueio de quase R$ 2 bilh\u00f5es.<\/p>\n","protected":false},"excerpt":{"rendered":"<p>Nos pr\u00f3ximos dias, o Minist\u00e9rio da Educa\u00e7\u00e3o deve lan\u00e7ar o Programa de Incentivo ao Ensino T\u00e9cnico, nas institui\u00e7\u00f5es educacionais. O \u201cNovos Caminhos\u201d foi mencionado pelo&hellip; <\/p>\n","protected":false},"author":1,"featured_media":102270,"comment_status":"closed","ping_status":"closed","sticky":false,"template":"","format":"standard","meta":{"sfsi_plus_gutenberg_text_before_share":"","sfsi_plus_gutenberg_show_text_before_share":"","sfsi_plus_gutenberg_icon_type":"","sfsi_plus_gutenberg_icon_alignemt":"","sfsi_plus_gutenburg_max_per_row":"","footnotes":""},"categories":[11],"tags":[],"class_list":["post-124222","post","type-post","status-publish","format-standard","has-post-thumbnail","hentry","category-politica"],"_links":{"self":[{"href":"https:\/\/www.caririemacao.com\/1\/wp-json\/wp\/v2\/posts\/124222","targetHints":{"allow":["GET"]}}],"collection":[{"href":"https:\/\/www.caririemacao.com\/1\/wp-json\/wp\/v2\/posts"}],"about":[{"href":"https:\/\/www.caririemacao.com\/1\/wp-json\/wp\/v2\/types\/post"}],"author":[{"embeddable":true,"href":"https:\/\/www.caririemacao.com\/1\/wp-json\/wp\/v2\/users\/1"}],"replies":[{"embeddable":true,"href":"https:\/\/www.caririemacao.com\/1\/wp-json\/wp\/v2\/comments?post=124222"}],"version-history":[{"count":1,"href":"https:\/\/www.caririemacao.com\/1\/wp-json\/wp\/v2\/posts\/124222\/revisions"}],"predecessor-version":[{"id":124223,"href":"https:\/\/www.caririemacao.com\/1\/wp-json\/wp\/v2\/posts\/124222\/revisions\/124223"}],"wp:featuredmedia":[{"embeddable":true,"href":"https:\/\/www.caririemacao.com\/1\/wp-json\/wp\/v2\/media\/102270"}],"wp:attachment":[{"href":"https:\/\/www.caririemacao.com\/1\/wp-json\/wp\/v2\/media?parent=124222"}],"wp:term":[{"taxonomy":"category","embeddable":true,"href":"https:\/\/www.caririemacao.com\/1\/wp-json\/wp\/v2\/categories?post=124222"},{"taxonomy":"post_tag","embeddable":true,"href":"https:\/\/www.caririemacao.com\/1\/wp-json\/wp\/v2\/tags?post=124222"}],"curies":[{"name":"wp","href":"https:\/\/api.w.org\/{rel}","templated":true}]}}