{"id":124224,"date":"2019-10-07T13:29:16","date_gmt":"2019-10-07T16:29:16","guid":{"rendered":"http:\/\/www.caririemacao.com\/1\/?p=124224"},"modified":"2019-10-07T13:29:16","modified_gmt":"2019-10-07T16:29:16","slug":"prefeitura-de-sume-abre-processo-seletivo-para-contratacao-de-medico-plantonista-no-hospital","status":"publish","type":"post","link":"https:\/\/www.caririemacao.com\/1\/2019\/10\/07\/prefeitura-de-sume-abre-processo-seletivo-para-contratacao-de-medico-plantonista-no-hospital\/","title":{"rendered":"Prefeitura de Sum\u00e9 abre processo seletivo para contrata\u00e7\u00e3o de m\u00e9dico plantonista no hospital"},"content":{"rendered":"\n<p>A Prefeitura de Sum\u00e9 abre nesta ter\u00e7a-feira (08\/10), inscri\u00e7\u00f5es de processo seletivo para 02 (duas) vagas de m\u00e9dico-cl\u00ednico geral para o Hospital e Maternidade Alice de Almeida. O sal\u00e1rio varia entre R$ 1.000,00 e R$ 2.400,00, carga hor\u00e1ria plant\u00e3o.<\/p>\n\n\n\n<p>As inscri\u00e7\u00f5es v\u00e3o at\u00e9 sexta-feira (11) e devem ser feitas na Secretaria Municipal de Sa\u00fade, de 08h \u00e0s 13h, no valor de R$ 100,00.<\/p>\n\n\n\n<p>A inscri\u00e7\u00e3o do candidato se far\u00e1 mediante entrega de curr\u00edculo acompanhado da documenta\u00e7\u00e3o comprobat\u00f3ria.<\/p>\n\n\n\n<p>A entrega dos curr\u00edculos, em envelope, ocorrer\u00e1, exclusivamente, na sede da Secretaria de Sa\u00fade, pessoalmente pelo pr\u00f3prio candidato ou por terceiro, desde que esteja munido de procura\u00e7\u00e3o p\u00fablica ou particular (com firma reconhecida) com poderes para representar o candidato.<\/p>\n\n\n\n<p>O Processo Seletivo ser\u00e1 realizado em uma \u00fanica etapa \u2013 an\u00e1lise curricular, -car\u00e1ter eliminat\u00f3rio e classificat\u00f3rio.<\/p>\n\n\n\n<p>O resultado preliminar do Processo Seletivo ser\u00e1 divulgado at\u00e9 o dia 14 de outubro de 2019.<\/p>\n\n\n\n<p>Confira: Edital de Abertura_m\u00e9dico plantonista do hospital.<\/p>\n","protected":false},"excerpt":{"rendered":"<p>A Prefeitura de Sum\u00e9 abre nesta ter\u00e7a-feira (08\/10), inscri\u00e7\u00f5es de processo seletivo para 02 (duas) vagas de m\u00e9dico-cl\u00ednico geral para o Hospital e Maternidade Alice&hellip; <\/p>\n","protected":false},"author":1,"featured_media":124226,"comment_status":"closed","ping_status":"closed","sticky":false,"template":"","format":"standard","meta":{"sfsi_plus_gutenberg_text_before_share":"","sfsi_plus_gutenberg_show_text_before_share":"","sfsi_plus_gutenberg_icon_type":"","sfsi_plus_gutenberg_icon_alignemt":"","sfsi_plus_gutenburg_max_per_row":"","footnotes":""},"categories":[6,50],"tags":[],"class_list":["post-124224","post","type-post","status-publish","format-standard","has-post-thumbnail","hentry","category-cidades","category-destaque"],"_links":{"self":[{"href":"https:\/\/www.caririemacao.com\/1\/wp-json\/wp\/v2\/posts\/124224","targetHints":{"allow":["GET"]}}],"collection":[{"href":"https:\/\/www.caririemacao.com\/1\/wp-json\/wp\/v2\/posts"}],"about":[{"href":"https:\/\/www.caririemacao.com\/1\/wp-json\/wp\/v2\/types\/post"}],"author":[{"embeddable":true,"href":"https:\/\/www.caririemacao.com\/1\/wp-json\/wp\/v2\/users\/1"}],"replies":[{"embeddable":true,"href":"https:\/\/www.caririemacao.com\/1\/wp-json\/wp\/v2\/comments?post=124224"}],"version-history":[{"count":1,"href":"https:\/\/www.caririemacao.com\/1\/wp-json\/wp\/v2\/posts\/124224\/revisions"}],"predecessor-version":[{"id":124227,"href":"https:\/\/www.caririemacao.com\/1\/wp-json\/wp\/v2\/posts\/124224\/revisions\/124227"}],"wp:featuredmedia":[{"embeddable":true,"href":"https:\/\/www.caririemacao.com\/1\/wp-json\/wp\/v2\/media\/124226"}],"wp:attachment":[{"href":"https:\/\/www.caririemacao.com\/1\/wp-json\/wp\/v2\/media?parent=124224"}],"wp:term":[{"taxonomy":"category","embeddable":true,"href":"https:\/\/www.caririemacao.com\/1\/wp-json\/wp\/v2\/categories?post=124224"},{"taxonomy":"post_tag","embeddable":true,"href":"https:\/\/www.caririemacao.com\/1\/wp-json\/wp\/v2\/tags?post=124224"}],"curies":[{"name":"wp","href":"https:\/\/api.w.org\/{rel}","templated":true}]}}