{"id":124232,"date":"2019-10-07T16:04:06","date_gmt":"2019-10-07T19:04:06","guid":{"rendered":"http:\/\/www.caririemacao.com\/1\/?p=124232"},"modified":"2019-10-07T16:04:06","modified_gmt":"2019-10-07T19:04:06","slug":"julian-descarta-chance-de-bolsonaro-visitar-a-paraiba-na-inauguracao-do-aluizio-campos-em-campina-grande","status":"publish","type":"post","link":"https:\/\/www.caririemacao.com\/1\/2019\/10\/07\/julian-descarta-chance-de-bolsonaro-visitar-a-paraiba-na-inauguracao-do-aluizio-campos-em-campina-grande\/","title":{"rendered":"Julian descarta chance de Bolsonaro visitar a Para\u00edba na inaugura\u00e7\u00e3o do Alu\u00edzio Campos, em Campina Grande"},"content":{"rendered":"\n<p>O deputado federal Julian Lemos (PSL) disse que o presidente Jair Bolsonaro (PSL) nem viria no dia 11 e nem no dia 25 de outubro para a inaugura\u00e7\u00e3o do Complexo Habitacional Alu\u00edzio Campos, em Campina Grande. A declara\u00e7\u00e3o foi dada nesta segunda-feira (7), no Arapuan Verdade, da r\u00e1dio Arapuan em Jo\u00e3o Pessoa.<\/p>\n\n\n\n<p>Julian disse que era uma possibilidade a vinda do presidente \u00e0 Para\u00edba, mas que at\u00e9 um dia antes de qualquer compromisso, a agenda presidencial pode mudar. &#8220;Bolsonaro nem vinha no dia 11 e nem no dia 25. O gabinete apenas abriu a possibilidade dele vir.&#8221;<\/p>\n\n\n\n<p>A visita do presidente ao Estado e a participa\u00e7\u00e3o na inaugura\u00e7\u00e3o do Alu\u00edzio Campos, ao lado de Romero Rodrigues, seu apoiador assumido, tem sido especulada h\u00e1 meses.<\/p>\n","protected":false},"excerpt":{"rendered":"<p>O deputado federal Julian Lemos (PSL) disse que o presidente Jair Bolsonaro (PSL) nem viria no dia 11 e nem no dia 25 de outubro&hellip; <\/p>\n","protected":false},"author":1,"featured_media":114533,"comment_status":"closed","ping_status":"closed","sticky":false,"template":"","format":"standard","meta":{"sfsi_plus_gutenberg_text_before_share":"","sfsi_plus_gutenberg_show_text_before_share":"","sfsi_plus_gutenberg_icon_type":"","sfsi_plus_gutenberg_icon_alignemt":"","sfsi_plus_gutenburg_max_per_row":"","footnotes":""},"categories":[11],"tags":[],"class_list":["post-124232","post","type-post","status-publish","format-standard","has-post-thumbnail","hentry","category-politica"],"_links":{"self":[{"href":"https:\/\/www.caririemacao.com\/1\/wp-json\/wp\/v2\/posts\/124232","targetHints":{"allow":["GET"]}}],"collection":[{"href":"https:\/\/www.caririemacao.com\/1\/wp-json\/wp\/v2\/posts"}],"about":[{"href":"https:\/\/www.caririemacao.com\/1\/wp-json\/wp\/v2\/types\/post"}],"author":[{"embeddable":true,"href":"https:\/\/www.caririemacao.com\/1\/wp-json\/wp\/v2\/users\/1"}],"replies":[{"embeddable":true,"href":"https:\/\/www.caririemacao.com\/1\/wp-json\/wp\/v2\/comments?post=124232"}],"version-history":[{"count":1,"href":"https:\/\/www.caririemacao.com\/1\/wp-json\/wp\/v2\/posts\/124232\/revisions"}],"predecessor-version":[{"id":124233,"href":"https:\/\/www.caririemacao.com\/1\/wp-json\/wp\/v2\/posts\/124232\/revisions\/124233"}],"wp:featuredmedia":[{"embeddable":true,"href":"https:\/\/www.caririemacao.com\/1\/wp-json\/wp\/v2\/media\/114533"}],"wp:attachment":[{"href":"https:\/\/www.caririemacao.com\/1\/wp-json\/wp\/v2\/media?parent=124232"}],"wp:term":[{"taxonomy":"category","embeddable":true,"href":"https:\/\/www.caririemacao.com\/1\/wp-json\/wp\/v2\/categories?post=124232"},{"taxonomy":"post_tag","embeddable":true,"href":"https:\/\/www.caririemacao.com\/1\/wp-json\/wp\/v2\/tags?post=124232"}],"curies":[{"name":"wp","href":"https:\/\/api.w.org\/{rel}","templated":true}]}}