{"id":124234,"date":"2019-10-07T16:05:06","date_gmt":"2019-10-07T19:05:06","guid":{"rendered":"http:\/\/www.caririemacao.com\/1\/?p=124234"},"modified":"2019-10-07T16:05:06","modified_gmt":"2019-10-07T19:05:06","slug":"marinha-monitora-navios-para-identificar-origem-de-oleo-que-atingiu-praias-da-paraiba-e-mais-oito-estados","status":"publish","type":"post","link":"https:\/\/www.caririemacao.com\/1\/2019\/10\/07\/marinha-monitora-navios-para-identificar-origem-de-oleo-que-atingiu-praias-da-paraiba-e-mais-oito-estados\/","title":{"rendered":"Marinha monitora navios para identificar origem de \u00f3leo que atingiu praias da Para\u00edba e mais oito estados"},"content":{"rendered":"\n<p>A Marinha est\u00e1 fazendo monitoramento de navios para identificar a origem do \u00f3leo que est\u00e1 poluindo as praias do Nordeste deste o in\u00edcio de setembro. An\u00e1lises preliminares identificaram que se trata de petr\u00f3leo em estado cru, n\u00e3o produzido no Brasil.<\/p>\n\n\n\n<p>O Minist\u00e9rio da Defesa declarou que al\u00e9m da patrulha naval, helic\u00f3pteros da Marinha e da For\u00e7a A\u00e9rea Brasileira (FAB) v\u00e3o sobrevoar as \u00e1reas atingidas. Foi emitido um &#8220;Aviso aos Navegantes&#8221; pedindo informa\u00e7\u00f5es aos marinheiros.<\/p>\n\n\n\n<p>O ministro do Meio Ambiente, Ricardo Salles, deve sobrevoar nesta segunda-feira (7) as praias do Sergipe que tiveram hist\u00f3rico de manchas de \u00f3leo. A situa\u00e7\u00e3o levou o estado a decretar situa\u00e7\u00e3o de emerg\u00eancia.<\/p>\n\n\n\n<figure><iframe data-src=\"https:\/\/www.youtube.com\/embed\/jLr8YoYhvg0\" allowfullscreen=\"\" width=\"500\" height=\"281\" src=\"data:image\/svg+xml;base64,PHN2ZyB3aWR0aD0iMSIgaGVpZ2h0PSIxIiB4bWxucz0iaHR0cDovL3d3dy53My5vcmcvMjAwMC9zdmciPjwvc3ZnPg==\" class=\"lazyload\" data-load-mode=\"1\"><\/iframe><\/figure>\n\n\n\n<p><strong>Manchas de \u00d3leo<\/strong><\/p>\n\n\n\n<p>As primeiras manchas de \u00f3leo foram identificadas no in\u00edcio de setembro. No total, 132 locais foram atingidos, sendo 16 locais somente na Para\u00edba.<\/p>\n\n\n\n<p>No s\u00e1bado (5), o presidente Jair Bolsonaro determinou uma investiga\u00e7\u00e3o sobre as origens do \u00f3leo. O presidente fixou prazo de 48 horas para que sejam apresentados &#8220;os dados coletados e as provid\u00eancias adotadas at\u00e9 o momento&#8221;. O prazo termina nesta segunda.<\/p>\n\n\n\n<p>Al\u00e9m da Para\u00edba, mais oito estados foram atingidos: Alagoas (14), Bahia (5), Cear\u00e1 (10), Maranh\u00e3o (11), Pernambuco (19), Piau\u00ed (2), Sergipe (12) e Rio Grande do Norte (43).<\/p>\n\n\n\n<p><strong>Animais<\/strong><\/p>\n\n\n\n<p>Segundo o \u00faltimo balan\u00e7o do \u00f3rg\u00e3o, publicado no domingo (6), o \u00f3leo j\u00e1 atingiu ao menos 11 tartarugas e uma ave bobo-pequeno ou furabucho (Puffinus puffinus), conhecida pela longa migra\u00e7\u00e3o.<\/p>\n\n\n\n<p>Em Sergipe e na Bahia, a soltura de tartarugas feita pelo projeto Tamar foi suspensa. Neste s\u00e1bado (5), uma tartaruga foi encontrada morta na regi\u00e3o de Mangue Seco\/Coqueiro (BA). Este registro ainda n\u00e3o consta no balan\u00e7o oficial do Ibama.<\/p>\n\n\n\n<figure class=\"wp-block-image\"><img decoding=\"async\" data-src=\"https:\/\/s2.glbimg.com\/29i_cLbN5eDTbRBk7U3DoxMzdPQ=\/0x0:960x1280\/1000x0\/smart\/filters:strip_icc()\/i.s3.glbimg.com\/v1\/AUTH_59edd422c0c84a879bd37670ae4f538a\/internal_photos\/bs\/2019\/X\/F\/AVCbu1SmOeXa5BgI7ANg\/redes-sociais.jpg\" alt=\"\" src=\"data:image\/svg+xml;base64,PHN2ZyB3aWR0aD0iMSIgaGVpZ2h0PSIxIiB4bWxucz0iaHR0cDovL3d3dy53My5vcmcvMjAwMC9zdmciPjwvc3ZnPg==\" class=\"lazyload\" \/><\/figure>\n\n\n\n<p>Confira abaixo as datas e os locais onde os animais foram encontrados, segundo o Ibama:<\/p>\n\n\n\n<p>1\/9 &#8211; 1 tartaruga marinha &#8211; Praia de Sabiaguaba, Fortaleza (CE) &#8211; morta<br>4\/9 &#8211; 2 tartarugas marinhas &#8211; Praia do Paiva, Cabo de Santo Agostinho (PE) &#8211; mortas<br>7\/9 &#8211; 1 ave bobo pequeno &#8211; Praia de Cumbuco, Caucaia (CE) &#8211; morta<br>11\/9 &#8211; 1 tartaruga marinha &#8211; Praia de Jacum\u00e3, Cear\u00e1-Mirim (RN) &#8211; viva<br>16\/9 &#8211; 1 tartaruga marinha &#8211; Ilha dos Poldos, Aroises (MA) &#8211; morta<br>22\/9 &#8211; 2 tartarugas marinhas &#8211; Praia de Itatinga, Alc\u00e2ntara; e Praia da Redinha Nova, Extremoz (RN) &#8211; uma viva e outra morta<br>23\/9 &#8211; 1 tartaruga marinha &#8211; Praia da Redinha Nova, Extremoz (RN) &#8211; viva<br>24\/9 &#8211; 1 tartaruga marinha &#8211; Jericoacoara, Jijoca de Jericoacoara (RN) &#8211; morta<br>28\/9 &#8211; 1 tartaruga marinha &#8211; Ilha Grande (PI) &#8211; morta<br>29\/9 &#8211; 1 tartaruga marinha &#8211; Praia do Serluz, Fortaleza (CE) &#8211; viva<\/p>\n\n\n\n<p><strong>Origem da subst\u00e2ncia<\/strong><\/p>\n\n\n\n<p>No in\u00edcio de outubro, uma reuni\u00e3o foi realizada no Recife com representantes de seis dos nove estados nordestinos para discutir estrat\u00e9gias para diminuir os impactos das manchas de \u00f3leo. Na reuni\u00e3o, os estados decidiram protocolar, em conjunto, uma den\u00fancia sobre o caso, a ser enviada \u00e0 Pol\u00edcia Federal e ao Minist\u00e9rio P\u00fablico Federal.<\/p>\n\n\n\n<p>Dois dias depois, a Pol\u00edcia Federal do Rio Grande do Norte comunicou que um inqu\u00e9rito foi instaurado para investigar a origem das manchas. A apura\u00e7\u00e3o sobre a possibilidade da ocorr\u00eancia de dano ambiental come\u00e7ou em setembro, segundo a PF.<\/p>\n\n\n\n<p>H\u00e1 suspeita de que a contamina\u00e7\u00e3o tenha rela\u00e7\u00e3o com navios petroleiros. A hip\u00f3tese \u00e9 que algum deles tenha efetuado uma limpeza nos tanques e despejado os rejeitos no mar.<\/p>\n\n\n\n<p>Segundo o secret\u00e1rio de Meio Ambiente e Sustentabilidade de Pernambuco, Jos\u00e9 Bertotti, os respons\u00e1veis pelo problema podem pagar uma multa que vai de R$ 5 milh\u00f5es a R$ 50 milh\u00f5es pelo crime ambiental, que \u00e9 considerado grav\u00edssimo.<\/p>\n\n\n\n<p>Segundo o coordenador do sindicato dos trabalhadores na ind\u00fastria do petr\u00f3leo de Pernambuco e Para\u00edba (Sindipetro PE\/PB), Rog\u00e9rio Almeida, a pr\u00e1tica \u00e9 proibida, mas ainda \u00e9 realizada. &#8220;\u00c9 um \u00f3leo grosso, quase um piche. Pode ser rejeito de um navio ap\u00f3s a limpeza dos tanques. Muitos navios continuam fazendo isso e deve ter ca\u00eddo em uma corrente mar\u00edtima&#8221;, disse Almeida.<\/p>\n\n\n\n<p>De acordo com Elvino, com a identifica\u00e7\u00e3o das correntes marinhas, &#8220;existe a possibilidade de identificar o navio que fez a referida rota&#8221; e tentar rastrear se &#8220;o piche encontrado nas praias faz parte do combust\u00edvel dos navios&#8221;. Segundo o analista, pela legisla\u00e7\u00e3o, o produto deve ser descartado nos portos, onde empresas especializadas recolhem o material.<\/p>\n","protected":false},"excerpt":{"rendered":"<p>A Marinha est\u00e1 fazendo monitoramento de navios para identificar a origem do \u00f3leo que est\u00e1 poluindo as praias do Nordeste deste o in\u00edcio de setembro.&hellip; <\/p>\n","protected":false},"author":1,"featured_media":124235,"comment_status":"closed","ping_status":"closed","sticky":false,"template":"","format":"standard","meta":{"sfsi_plus_gutenberg_text_before_share":"","sfsi_plus_gutenberg_show_text_before_share":"","sfsi_plus_gutenberg_icon_type":"","sfsi_plus_gutenberg_icon_alignemt":"","sfsi_plus_gutenburg_max_per_row":"","footnotes":""},"categories":[2],"tags":[],"class_list":["post-124234","post","type-post","status-publish","format-standard","has-post-thumbnail","hentry","category-geral"],"_links":{"self":[{"href":"https:\/\/www.caririemacao.com\/1\/wp-json\/wp\/v2\/posts\/124234","targetHints":{"allow":["GET"]}}],"collection":[{"href":"https:\/\/www.caririemacao.com\/1\/wp-json\/wp\/v2\/posts"}],"about":[{"href":"https:\/\/www.caririemacao.com\/1\/wp-json\/wp\/v2\/types\/post"}],"author":[{"embeddable":true,"href":"https:\/\/www.caririemacao.com\/1\/wp-json\/wp\/v2\/users\/1"}],"replies":[{"embeddable":true,"href":"https:\/\/www.caririemacao.com\/1\/wp-json\/wp\/v2\/comments?post=124234"}],"version-history":[{"count":1,"href":"https:\/\/www.caririemacao.com\/1\/wp-json\/wp\/v2\/posts\/124234\/revisions"}],"predecessor-version":[{"id":124236,"href":"https:\/\/www.caririemacao.com\/1\/wp-json\/wp\/v2\/posts\/124234\/revisions\/124236"}],"wp:featuredmedia":[{"embeddable":true,"href":"https:\/\/www.caririemacao.com\/1\/wp-json\/wp\/v2\/media\/124235"}],"wp:attachment":[{"href":"https:\/\/www.caririemacao.com\/1\/wp-json\/wp\/v2\/media?parent=124234"}],"wp:term":[{"taxonomy":"category","embeddable":true,"href":"https:\/\/www.caririemacao.com\/1\/wp-json\/wp\/v2\/categories?post=124234"},{"taxonomy":"post_tag","embeddable":true,"href":"https:\/\/www.caririemacao.com\/1\/wp-json\/wp\/v2\/tags?post=124234"}],"curies":[{"name":"wp","href":"https:\/\/api.w.org\/{rel}","templated":true}]}}