{"id":124241,"date":"2019-10-07T16:08:37","date_gmt":"2019-10-07T19:08:37","guid":{"rendered":"http:\/\/www.caririemacao.com\/1\/?p=124241"},"modified":"2019-10-07T16:08:37","modified_gmt":"2019-10-07T19:08:37","slug":"bolsonaro-garante-que-nao-pretende-acabar-com-estabilidade-de-servidor","status":"publish","type":"post","link":"https:\/\/www.caririemacao.com\/1\/2019\/10\/07\/bolsonaro-garante-que-nao-pretende-acabar-com-estabilidade-de-servidor\/","title":{"rendered":"Bolsonaro garante que n\u00e3o pretende acabar com estabilidade de servidor"},"content":{"rendered":"\n<p>O presidente Jair Bolsonaro disse hoje que \u201cnunca falou\u201d em dar fim \u00e0 estabilidade do servidor p\u00fablico, durante as discuss\u00f5es do governo sobre a reforma administrativa ainda em elabora\u00e7\u00e3o.<\/p>\n\n\n\n<p>A afirma\u00e7\u00e3o, feita hoje (7) na sa\u00edda do Pal\u00e1cio do Alvorada, foi em resposta a uma mat\u00e9ria publicada pelo jornal Correio Braziliense. De acordo com o jornal, a proposta de reforma administrativa a ser enviada ao Congresso Nacional previa tal medida.<\/p>\n\n\n\n<p>Bolsonaro criticou tamb\u00e9m uma outra reportagem \u2013 da Folha de S. Paulo \u2013 envolvendo o presidente em um suposto caso de Caixa 2 durante as campanhas eleitorais.<\/p>\n\n\n\n<p>O presidente classificou as reportagens como \u201ccovardia e patifaria\u201d. Ao deixar o Alvorada, Bolsonaro conversou com alguns simpatizantes.<\/p>\n\n\n\n<p>\u201cDe novo, hoje, capa do Correio Braziliense dizendo que vou acabar com a estabilidade do servidor. N\u00e3o d\u00e1 para continuar com tanta patifaria por parte de voc\u00eas. Isso \u00e9 covardia e patifaria. Nunca falei nesse assunto. Querem jogar o servidor contra mim. Como ontem a Folha der S.Paulo queria me ligar ao problema em Minas Gerais. Um esgoto a Folha de S.Paulo\u201d, disse o presidente a jornalistas.<\/p>\n\n\n\n<p>\u201cLamento a imprensa brasileira agir dessa maneira. O tempo todo mentindo, distorcendo e me difamando. Voc\u00eas querem me derrubar? Eu tenho o couro duro. Vai ser dif\u00edcil\u201d, acrescentou.<\/p>\n","protected":false},"excerpt":{"rendered":"<p>O presidente Jair Bolsonaro disse hoje que \u201cnunca falou\u201d em dar fim \u00e0 estabilidade do servidor p\u00fablico, durante as discuss\u00f5es do governo sobre a reforma&hellip; <\/p>\n","protected":false},"author":1,"featured_media":105373,"comment_status":"closed","ping_status":"closed","sticky":false,"template":"","format":"standard","meta":{"sfsi_plus_gutenberg_text_before_share":"","sfsi_plus_gutenberg_show_text_before_share":"","sfsi_plus_gutenberg_icon_type":"","sfsi_plus_gutenberg_icon_alignemt":"","sfsi_plus_gutenburg_max_per_row":"","footnotes":""},"categories":[11],"tags":[],"class_list":["post-124241","post","type-post","status-publish","format-standard","has-post-thumbnail","hentry","category-politica"],"_links":{"self":[{"href":"https:\/\/www.caririemacao.com\/1\/wp-json\/wp\/v2\/posts\/124241","targetHints":{"allow":["GET"]}}],"collection":[{"href":"https:\/\/www.caririemacao.com\/1\/wp-json\/wp\/v2\/posts"}],"about":[{"href":"https:\/\/www.caririemacao.com\/1\/wp-json\/wp\/v2\/types\/post"}],"author":[{"embeddable":true,"href":"https:\/\/www.caririemacao.com\/1\/wp-json\/wp\/v2\/users\/1"}],"replies":[{"embeddable":true,"href":"https:\/\/www.caririemacao.com\/1\/wp-json\/wp\/v2\/comments?post=124241"}],"version-history":[{"count":1,"href":"https:\/\/www.caririemacao.com\/1\/wp-json\/wp\/v2\/posts\/124241\/revisions"}],"predecessor-version":[{"id":124242,"href":"https:\/\/www.caririemacao.com\/1\/wp-json\/wp\/v2\/posts\/124241\/revisions\/124242"}],"wp:featuredmedia":[{"embeddable":true,"href":"https:\/\/www.caririemacao.com\/1\/wp-json\/wp\/v2\/media\/105373"}],"wp:attachment":[{"href":"https:\/\/www.caririemacao.com\/1\/wp-json\/wp\/v2\/media?parent=124241"}],"wp:term":[{"taxonomy":"category","embeddable":true,"href":"https:\/\/www.caririemacao.com\/1\/wp-json\/wp\/v2\/categories?post=124241"},{"taxonomy":"post_tag","embeddable":true,"href":"https:\/\/www.caririemacao.com\/1\/wp-json\/wp\/v2\/tags?post=124241"}],"curies":[{"name":"wp","href":"https:\/\/api.w.org\/{rel}","templated":true}]}}