{"id":124245,"date":"2019-10-07T17:58:26","date_gmt":"2019-10-07T20:58:26","guid":{"rendered":"http:\/\/www.caririemacao.com\/1\/?p=124245"},"modified":"2019-10-07T17:58:26","modified_gmt":"2019-10-07T20:58:26","slug":"serra-branquense-e-encontrado-morto-as-margens-da-br-412-proximo-a-santa-luzia-do-cariri","status":"publish","type":"post","link":"https:\/\/www.caririemacao.com\/1\/2019\/10\/07\/serra-branquense-e-encontrado-morto-as-margens-da-br-412-proximo-a-santa-luzia-do-cariri\/","title":{"rendered":"Serra-branquense \u00e9 encontrado morto \u00e0s margens da BR-412, pr\u00f3ximo \u00e0 Santa Luzia do Cariri"},"content":{"rendered":"\n<p>O corpo do serra-branquense Onildo Jos\u00e9 da Silva, conhecido popularmente como Nildo de Edvar, foi encontrado no in\u00edcio da tarde desta segunda-feira(07), as margens da BR-412 entre o Distrito de Santa Luzia do Cariri e a cidade de Serra Branca.<\/p>\n\n\n\n<p>Segundo informa\u00e7\u00f5es preliminares, Nildo teria sofrido uma queda de moto, vindo a colidir fortemente contra o solo. Fato que s\u00f3 ser\u00e1 confirmado ap\u00f3s per\u00edcia do IML.<\/p>\n\n\n\n<p>De acordo com informa\u00e7\u00f5es vindas da pol\u00edcia, Nildo teria sido visto por \u00faltimo bebendo em um bar no Distrito de Santa Luzia e que teria sa\u00eddo \u201ccambaleando\u201d na moto ao sair pela rodovia.<\/p>\n\n\n\n<p>A policia ao chegar no local n\u00e3o encontrou nenhum ve\u00edculo no local e nem sinais de viol\u00eancia no corpo, o que indica a maior possibilidade de ter sido um acidente. A Pol\u00edcia j\u00e1 aguarda a chegada do IML para que seja providenciado a remo\u00e7\u00e3o do corpo para a cidade de Campina Grande.<\/p>\n\n\n\n<p>Nildo de Edvar pertencia a comunidade do S\u00edtio Capoeiras, zona rural de Serra Branca.<\/p>\n\n\n\n<p><strong>De Olho no Cariri<\/strong><\/p>\n","protected":false},"excerpt":{"rendered":"<p>O corpo do serra-branquense Onildo Jos\u00e9 da Silva, conhecido popularmente como Nildo de Edvar, foi encontrado no in\u00edcio da tarde desta segunda-feira(07), as margens da&hellip; <\/p>\n","protected":false},"author":2,"featured_media":124246,"comment_status":"closed","ping_status":"closed","sticky":false,"template":"","format":"standard","meta":{"sfsi_plus_gutenberg_text_before_share":"","sfsi_plus_gutenberg_show_text_before_share":"","sfsi_plus_gutenberg_icon_type":"","sfsi_plus_gutenberg_icon_alignemt":"","sfsi_plus_gutenburg_max_per_row":"","footnotes":""},"categories":[50,12],"tags":[],"class_list":["post-124245","post","type-post","status-publish","format-standard","has-post-thumbnail","hentry","category-destaque","category-policia"],"_links":{"self":[{"href":"https:\/\/www.caririemacao.com\/1\/wp-json\/wp\/v2\/posts\/124245","targetHints":{"allow":["GET"]}}],"collection":[{"href":"https:\/\/www.caririemacao.com\/1\/wp-json\/wp\/v2\/posts"}],"about":[{"href":"https:\/\/www.caririemacao.com\/1\/wp-json\/wp\/v2\/types\/post"}],"author":[{"embeddable":true,"href":"https:\/\/www.caririemacao.com\/1\/wp-json\/wp\/v2\/users\/2"}],"replies":[{"embeddable":true,"href":"https:\/\/www.caririemacao.com\/1\/wp-json\/wp\/v2\/comments?post=124245"}],"version-history":[{"count":1,"href":"https:\/\/www.caririemacao.com\/1\/wp-json\/wp\/v2\/posts\/124245\/revisions"}],"predecessor-version":[{"id":124247,"href":"https:\/\/www.caririemacao.com\/1\/wp-json\/wp\/v2\/posts\/124245\/revisions\/124247"}],"wp:featuredmedia":[{"embeddable":true,"href":"https:\/\/www.caririemacao.com\/1\/wp-json\/wp\/v2\/media\/124246"}],"wp:attachment":[{"href":"https:\/\/www.caririemacao.com\/1\/wp-json\/wp\/v2\/media?parent=124245"}],"wp:term":[{"taxonomy":"category","embeddable":true,"href":"https:\/\/www.caririemacao.com\/1\/wp-json\/wp\/v2\/categories?post=124245"},{"taxonomy":"post_tag","embeddable":true,"href":"https:\/\/www.caririemacao.com\/1\/wp-json\/wp\/v2\/tags?post=124245"}],"curies":[{"name":"wp","href":"https:\/\/api.w.org\/{rel}","templated":true}]}}