{"id":124248,"date":"2019-10-07T18:26:00","date_gmt":"2019-10-07T21:26:00","guid":{"rendered":"http:\/\/www.caririemacao.com\/1\/?p=124248"},"modified":"2019-10-07T18:29:50","modified_gmt":"2019-10-07T21:29:50","slug":"missa-e-procissao-encerram-festa-de-sao-miguel-arcanjo-em-sume-2","status":"publish","type":"post","link":"https:\/\/www.caririemacao.com\/1\/2019\/10\/07\/missa-e-procissao-encerram-festa-de-sao-miguel-arcanjo-em-sume-2\/","title":{"rendered":"Missa e prociss\u00e3o encerram Festa de S\u00e3o Miguel Arcanjo em Sum\u00e9"},"content":{"rendered":"\n<p>A programa\u00e7\u00e3o da Festa de S\u00e3o Miguel Arcanjo que teve in\u00edcio\ndia 27\/09, chegou ao t\u00e9rmino na noite deste domingo (06). A programa\u00e7\u00e3o foi\nmarcada por missas, novenas, quermesses e prociss\u00e3o.<\/p>\n\n\n\n<p>Foram dez dias de programa\u00e7\u00e3o e o \u00faltimo dia come\u00e7ou com a\ntradicional prociss\u00e3o saindo da Pra\u00e7a Enoque Pereira, percorrendo as principais\nruas com destino a Capela de S\u00e3o Miguel no bairro do Renascer, em Sum\u00e9.<\/p>\n\n\n\n<p>Ap\u00f3s a prociss\u00e3o, houve a Missa Solene celebrada pelo padre Claudeci Soares que contou com a presen\u00e7a de v\u00e1rios fieis que foram comemorar o encerramento da Festa de S\u00e3o Miguel Arcanjo.<\/p>\n\n\n\n<figure class=\"wp-block-embed-facebook wp-block-embed is-type-video is-provider-facebook\"><div class=\"wp-block-embed__wrapper\">\n<div class=\"ose- ose-uid-7d6267257e3baf07eb4a633c342d77f1 ose-embedpress-responsive\" style=\"width:600px; height:550px; max-height:550px; max-width:100%; display:inline-block;\" data-embed-type=\"Facebook\"><iframe allowFullScreen=\"true\" class=\"embera-facebook-iframe-7d626 lazyload\" data-src=\"https:\/\/www.facebook.com\/plugins\/post.php?href=https%3A%2F%2Fwww.facebook.com%2FCaririEmAcao%2Fvideos%2F522814181624473%2F&width=600&height=550&show_text=true\" width=\"600\" height=\"550\" style=\"border:none;overflow:hidden\" scrolling=\"no\" frameborder=\"0\" allowTransparency=\"true\" src=\"data:image\/svg+xml;base64,PHN2ZyB3aWR0aD0iMSIgaGVpZ2h0PSIxIiB4bWxucz0iaHR0cDovL3d3dy53My5vcmcvMjAwMC9zdmciPjwvc3ZnPg==\" data-load-mode=\"1\"><\/iframe><\/div>\n<\/div><\/figure>\n\n\n\n<p><a href=\"https:\/\/www.facebook.com\/pg\/CaririEmAcao\/photos\/?tab=album&amp;album_id=1670843003051716\">CLIQUE NESTE LINK E VEJA TODAS AS FOTOS.<\/a><\/p>\n","protected":false},"excerpt":{"rendered":"<p>A programa\u00e7\u00e3o da Festa de S\u00e3o Miguel Arcanjo que teve in\u00edcio dia 27\/09, chegou ao t\u00e9rmino na noite deste domingo (06). A programa\u00e7\u00e3o foi marcada&hellip; <\/p>\n","protected":false},"author":2,"featured_media":124249,"comment_status":"closed","ping_status":"closed","sticky":false,"template":"","format":"standard","meta":{"sfsi_plus_gutenberg_text_before_share":"","sfsi_plus_gutenberg_show_text_before_share":"","sfsi_plus_gutenberg_icon_type":"","sfsi_plus_gutenberg_icon_alignemt":"","sfsi_plus_gutenburg_max_per_row":"","footnotes":""},"categories":[6,50],"tags":[],"class_list":["post-124248","post","type-post","status-publish","format-standard","has-post-thumbnail","hentry","category-cidades","category-destaque"],"_links":{"self":[{"href":"https:\/\/www.caririemacao.com\/1\/wp-json\/wp\/v2\/posts\/124248","targetHints":{"allow":["GET"]}}],"collection":[{"href":"https:\/\/www.caririemacao.com\/1\/wp-json\/wp\/v2\/posts"}],"about":[{"href":"https:\/\/www.caririemacao.com\/1\/wp-json\/wp\/v2\/types\/post"}],"author":[{"embeddable":true,"href":"https:\/\/www.caririemacao.com\/1\/wp-json\/wp\/v2\/users\/2"}],"replies":[{"embeddable":true,"href":"https:\/\/www.caririemacao.com\/1\/wp-json\/wp\/v2\/comments?post=124248"}],"version-history":[{"count":6,"href":"https:\/\/www.caririemacao.com\/1\/wp-json\/wp\/v2\/posts\/124248\/revisions"}],"predecessor-version":[{"id":124381,"href":"https:\/\/www.caririemacao.com\/1\/wp-json\/wp\/v2\/posts\/124248\/revisions\/124381"}],"wp:featuredmedia":[{"embeddable":true,"href":"https:\/\/www.caririemacao.com\/1\/wp-json\/wp\/v2\/media\/124249"}],"wp:attachment":[{"href":"https:\/\/www.caririemacao.com\/1\/wp-json\/wp\/v2\/media?parent=124248"}],"wp:term":[{"taxonomy":"category","embeddable":true,"href":"https:\/\/www.caririemacao.com\/1\/wp-json\/wp\/v2\/categories?post=124248"},{"taxonomy":"post_tag","embeddable":true,"href":"https:\/\/www.caririemacao.com\/1\/wp-json\/wp\/v2\/tags?post=124248"}],"curies":[{"name":"wp","href":"https:\/\/api.w.org\/{rel}","templated":true}]}}