{"id":124255,"date":"2019-10-07T19:39:45","date_gmt":"2019-10-07T22:39:45","guid":{"rendered":"http:\/\/www.caririemacao.com\/1\/?p=124255"},"modified":"2019-10-07T19:39:45","modified_gmt":"2019-10-07T22:39:45","slug":"dinheiro-de-assalto-e-jogado-na-rua-de-cidade-da-pb-e-populacao-disputa-cedulas","status":"publish","type":"post","link":"https:\/\/www.caririemacao.com\/1\/2019\/10\/07\/dinheiro-de-assalto-e-jogado-na-rua-de-cidade-da-pb-e-populacao-disputa-cedulas\/","title":{"rendered":"Dinheiro de assalto \u00e9 jogado na rua de cidade da PB e popula\u00e7\u00e3o disputa c\u00e9dulas"},"content":{"rendered":"\n<p>Correria da popula\u00e7\u00e3o e disputa para ver quem pegava mais dinheiro. Foi assim que terminou um assalto no in\u00edcio da tarde desta segunda-feira (7) em Cabedelo, na Grande Jo\u00e3o Pessoa. O crime come\u00e7ou quando um homem que estava em um carro foi abordado por um bandido armado, que queria o ve\u00edculo e o dinheiro da v\u00edtima.<\/p>\n\n\n\n<p>Ao conseguir o ve\u00edculo e o dinheiro, o assaltante iniciou a fuga, mas o carro parou metros \u00e0 frente de onde o crime foi praticado e n\u00e3o seguiu caminho.<\/p>\n\n\n\n<p>Sem conseguir religar o ve\u00edculo, o bandido desceu e fugiu a p\u00e9. Por\u00e9m, ele n\u00e3o percebeu que o dinheiro roubado n\u00e3o havia sido guardado \u201ccorretamente\u201d e parte da quantia caiu no ch\u00e3o durante a fuga. Com isso, testemunhas da a\u00e7\u00e3o correram em dire\u00e7\u00e3o \u00e0s notas e iniciaram uma disputa para ver quem conseguia pegar mais c\u00e9dulas.<\/p>\n\n\n\n<p>A Pol\u00edcia Militar informou que o bandido conseguiu fugir ap\u00f3s o crime e que a v\u00edtima foi orientada a prestar boletim de ocorr\u00eancia na Central de Pol\u00edcia Civil.<\/p>\n\n\n\n<p><strong>QUEM PEGOU DINHEIRO PODE SER PENALIZADO<\/strong><\/p>\n\n\n\n<p>Segundo o delegado Braz Morroni, da Delegacia de Crimes Contra o Patrim\u00f4nio de Jo\u00e3o Pessoa, caso as pessoas que pegaram o dinheiro n\u00e3o o devolvam \u00e0 v\u00edtima do crime, poder\u00e3o ser indiciadas por furto e ficar\u00e3o sujeitas \u00e0 condena\u00e7\u00e3o que varia de um a quatro anos de pris\u00e3o.<\/p>\n\n\n\n<p>\u201cAs pessoas que pegaram para si esse dinheiro podem, sim, ser indiciadas e futuramente condenadas por furto, at\u00e9 porque elas est\u00e3o tomando posse de uma coisa que n\u00e3o \u00e9 delas, que \u00e9 fruto de um crime e que elas sabem disso. Se elas pegaram e n\u00e3o devolveram o dinheiro, \u00e9 crime\u201d, disse o delegado.<\/p>\n\n\n\n<p><em>Com Portal Correio<\/em><\/p>\n","protected":false},"excerpt":{"rendered":"<p>Correria da popula\u00e7\u00e3o e disputa para ver quem pegava mais dinheiro. Foi assim que terminou um assalto no in\u00edcio da tarde desta segunda-feira (7) em&hellip; <\/p>\n","protected":false},"author":1,"featured_media":124256,"comment_status":"closed","ping_status":"closed","sticky":false,"template":"","format":"standard","meta":{"sfsi_plus_gutenberg_text_before_share":"","sfsi_plus_gutenberg_show_text_before_share":"","sfsi_plus_gutenberg_icon_type":"","sfsi_plus_gutenberg_icon_alignemt":"","sfsi_plus_gutenburg_max_per_row":"","footnotes":""},"categories":[12],"tags":[],"class_list":["post-124255","post","type-post","status-publish","format-standard","has-post-thumbnail","hentry","category-policia"],"_links":{"self":[{"href":"https:\/\/www.caririemacao.com\/1\/wp-json\/wp\/v2\/posts\/124255","targetHints":{"allow":["GET"]}}],"collection":[{"href":"https:\/\/www.caririemacao.com\/1\/wp-json\/wp\/v2\/posts"}],"about":[{"href":"https:\/\/www.caririemacao.com\/1\/wp-json\/wp\/v2\/types\/post"}],"author":[{"embeddable":true,"href":"https:\/\/www.caririemacao.com\/1\/wp-json\/wp\/v2\/users\/1"}],"replies":[{"embeddable":true,"href":"https:\/\/www.caririemacao.com\/1\/wp-json\/wp\/v2\/comments?post=124255"}],"version-history":[{"count":1,"href":"https:\/\/www.caririemacao.com\/1\/wp-json\/wp\/v2\/posts\/124255\/revisions"}],"predecessor-version":[{"id":124257,"href":"https:\/\/www.caririemacao.com\/1\/wp-json\/wp\/v2\/posts\/124255\/revisions\/124257"}],"wp:featuredmedia":[{"embeddable":true,"href":"https:\/\/www.caririemacao.com\/1\/wp-json\/wp\/v2\/media\/124256"}],"wp:attachment":[{"href":"https:\/\/www.caririemacao.com\/1\/wp-json\/wp\/v2\/media?parent=124255"}],"wp:term":[{"taxonomy":"category","embeddable":true,"href":"https:\/\/www.caririemacao.com\/1\/wp-json\/wp\/v2\/categories?post=124255"},{"taxonomy":"post_tag","embeddable":true,"href":"https:\/\/www.caririemacao.com\/1\/wp-json\/wp\/v2\/tags?post=124255"}],"curies":[{"name":"wp","href":"https:\/\/api.w.org\/{rel}","templated":true}]}}