{"id":124272,"date":"2019-10-08T08:07:39","date_gmt":"2019-10-08T11:07:39","guid":{"rendered":"http:\/\/www.caririemacao.com\/1\/?p=124272"},"modified":"2019-10-08T08:07:39","modified_gmt":"2019-10-08T11:07:39","slug":"governo-tem-suspeita-sobre-origem-de-manchas-de-oleo-diz-bolsonaro","status":"publish","type":"post","link":"https:\/\/www.caririemacao.com\/1\/2019\/10\/08\/governo-tem-suspeita-sobre-origem-de-manchas-de-oleo-diz-bolsonaro\/","title":{"rendered":"Governo tem suspeita sobre origem de manchas de \u00f3leo, diz Bolsonaro"},"content":{"rendered":"\n<p>O presidente Jair Bolsonaro disse hoje (7) que j\u00e1 h\u00e1 uma suspeita sobre a origem da mancha de petr\u00f3leo que atinge o litoral do Nordeste desde o m\u00eas passado. Segundo ele, o mais prov\u00e1vel \u00e9 que tenha sido um vazamento causado por um navio e que o produto n\u00e3o \u00e9 produzido e nem comercializado no Brasil. Perguntado, Bolsonaro disse n\u00e3o poder revelar ainda o pa\u00eds de origem do \u00f3leo.&nbsp;<\/p>\n\n\n\n<p>&#8220;O que est\u00e1 constatado \u00e9 que existe um DNA desse petr\u00f3leo. Ele n\u00e3o \u00e9 produzido no Brasil nem comercializado no Brasil. Aproximadamente 140 navios fizeram trajeto por aquela regi\u00e3o, pode ser algo criminoso, pode ser um vazamento acidental, pode ser um navio que naufragou tamb\u00e9m. Agora, \u00e9 complexo, existe a possibilidade, temos no radar um pa\u00eds que pode ser o da origem do petr\u00f3leo e continuamos trabalhando da melhor maneira poss\u00edvel n\u00e3o s\u00f3 para dar uma satisfa\u00e7\u00e3o para a sociedade, como colaborar na quest\u00e3o ambiental&#8221;, disse na entrada do Minist\u00e9rio da Defesa, ap\u00f3s comandar uma reuni\u00e3o de emerg\u00eancia sobre o assunto, que teve a participa\u00e7\u00e3o dos ministros Fernando Azevedo (Defesa), Ernesto Ara\u00fajo (Rela\u00e7\u00f5es Exteriroes), Augusto Heleno (Gabinete de Seguran\u00e7a Institucional) e Bento Albuquerque (Minas e Energia).<\/p>\n\n\n\n<p>Um inqu\u00e9rito foi aberto pela Pol\u00edcia Federal (PF), na semana passada, para apurar a origem da subst\u00e2ncia. A contamina\u00e7\u00e3o tamb\u00e9m \u00e9 monitorada por \u00f3rg\u00e3os como o Instituto Brasileiro do Meio Ambiente e dos Recursos Naturais Renov\u00e1veis (Ibama) e o Instituto Chico Mendes de Conserva\u00e7\u00e3o da Biodiversidade (ICMBio) desde o dia 2 de setembro, quando as primeiras manchas foram localizadas no litoral nordestino.&nbsp;<\/p>\n\n\n\n<p>Mais cedo, nesta segunda-feira, o ministro do Meio Ambiente, Ricardo Salles, esteve no litoral de Sergipe acompanhando o trabalho de t\u00e9cnicos ambientais.&nbsp;<a href=\"https:\/\/twitter.com\/rsallesmma\/status\/1181275732984483840\/photo\/2\">Pelo Twitter<\/a>, ele informou que j\u00e1 foram retirados do bar cerca de 100 toneladas de borra de \u00f3leo.<\/p>\n\n\n\n<figure class=\"wp-block-image\"><img decoding=\"async\" data-src=\"https:\/\/www.clickpb.com.br\/media\/filer_public\/46\/49\/46492851-50bd-45b4-a1a6-6ae1503b3ed2\/oleo.jpg\" alt=\"\" src=\"data:image\/svg+xml;base64,PHN2ZyB3aWR0aD0iMSIgaGVpZ2h0PSIxIiB4bWxucz0iaHR0cDovL3d3dy53My5vcmcvMjAwMC9zdmciPjwvc3ZnPg==\" class=\"lazyload\" \/><\/figure>\n\n\n\n<p>Bolsonaro tamb\u00e9m determinou, por meio de decreto, publicado no \u00faltimo s\u00e1bado (5), uma investiga\u00e7\u00e3o sobre as causas e a responsabilidade sobre o derramamento do \u00f3leo. No despacho, o presidente determinou que sejam apresentados, no prazo de 48 horas, dados coletados e as provid\u00eancias tomadas sobre o problema ambiental.&nbsp;<\/p>\n\n\n\n<p>A investiga\u00e7\u00e3o envolve a PF, o Comando da Marinha, o Ibama e o ICMBio. As manchas j\u00e1 atingem o litoral de todos os estados do Nordeste e segue se movimentando pela costa brasileira.&nbsp;<\/p>\n\n\n\n<p>Inc\u00eandios na Amaz\u00f4nia<\/p>\n\n\n\n<p>A reuni\u00e3o tamb\u00e9m tratou sobre as queimadas na Amaz\u00f4nia. Segundo Bolsonaro, o trabalho das For\u00e7as Armadas tem sido efetivo e reduziu os focos de inc\u00eandio na regi\u00e3o para uma m\u00e9dia hist\u00f3rica baixa.&nbsp;<br><\/p>\n\n\n\n<p>&#8220;Devemos ter a menor m\u00e9dia dos meses de setembro, bem como a menor m\u00e9dia desde o s\u00e9culo passado. As For\u00e7as Armadas e demais \u00f3rg\u00e3os agiram na hora certa, porque os inc\u00eandios e os focos de calor s\u00e3o uma constante na regi\u00e3o por v\u00e1rios aspectos&#8221;, disse.<\/p>\n","protected":false},"excerpt":{"rendered":"<p>O presidente Jair Bolsonaro disse hoje (7) que j\u00e1 h\u00e1 uma suspeita sobre a origem da mancha de petr\u00f3leo que atinge o litoral do Nordeste&hellip; <\/p>\n","protected":false},"author":1,"featured_media":124274,"comment_status":"closed","ping_status":"closed","sticky":false,"template":"","format":"standard","meta":{"sfsi_plus_gutenberg_text_before_share":"","sfsi_plus_gutenberg_show_text_before_share":"","sfsi_plus_gutenberg_icon_type":"","sfsi_plus_gutenberg_icon_alignemt":"","sfsi_plus_gutenburg_max_per_row":"","footnotes":""},"categories":[11],"tags":[],"class_list":["post-124272","post","type-post","status-publish","format-standard","has-post-thumbnail","hentry","category-politica"],"_links":{"self":[{"href":"https:\/\/www.caririemacao.com\/1\/wp-json\/wp\/v2\/posts\/124272","targetHints":{"allow":["GET"]}}],"collection":[{"href":"https:\/\/www.caririemacao.com\/1\/wp-json\/wp\/v2\/posts"}],"about":[{"href":"https:\/\/www.caririemacao.com\/1\/wp-json\/wp\/v2\/types\/post"}],"author":[{"embeddable":true,"href":"https:\/\/www.caririemacao.com\/1\/wp-json\/wp\/v2\/users\/1"}],"replies":[{"embeddable":true,"href":"https:\/\/www.caririemacao.com\/1\/wp-json\/wp\/v2\/comments?post=124272"}],"version-history":[{"count":1,"href":"https:\/\/www.caririemacao.com\/1\/wp-json\/wp\/v2\/posts\/124272\/revisions"}],"predecessor-version":[{"id":124275,"href":"https:\/\/www.caririemacao.com\/1\/wp-json\/wp\/v2\/posts\/124272\/revisions\/124275"}],"wp:featuredmedia":[{"embeddable":true,"href":"https:\/\/www.caririemacao.com\/1\/wp-json\/wp\/v2\/media\/124274"}],"wp:attachment":[{"href":"https:\/\/www.caririemacao.com\/1\/wp-json\/wp\/v2\/media?parent=124272"}],"wp:term":[{"taxonomy":"category","embeddable":true,"href":"https:\/\/www.caririemacao.com\/1\/wp-json\/wp\/v2\/categories?post=124272"},{"taxonomy":"post_tag","embeddable":true,"href":"https:\/\/www.caririemacao.com\/1\/wp-json\/wp\/v2\/tags?post=124272"}],"curies":[{"name":"wp","href":"https:\/\/api.w.org\/{rel}","templated":true}]}}