{"id":124284,"date":"2019-10-08T08:12:53","date_gmt":"2019-10-08T11:12:53","guid":{"rendered":"http:\/\/www.caririemacao.com\/1\/?p=124284"},"modified":"2019-10-08T08:12:53","modified_gmt":"2019-10-08T11:12:53","slug":"policia-civil-prende-estelionataria-que-recebia-dinheiro-para-contratar-operarios-para-empresa-do-ramal-do-agreste-em-sertania","status":"publish","type":"post","link":"https:\/\/www.caririemacao.com\/1\/2019\/10\/08\/policia-civil-prende-estelionataria-que-recebia-dinheiro-para-contratar-operarios-para-empresa-do-ramal-do-agreste-em-sertania\/","title":{"rendered":"Policia civil prende  estelionat\u00e1ria  que recebia  dinheiro para contratar oper\u00e1rios  para empresa do ramal do agreste em Sert\u00e2nia"},"content":{"rendered":"\n<p>Na manha desta segunda-feira (07\/10\/2019), a Delegacia de Pol\u00edcia de Sert\u00e2nia DP 158\u00aa recebeu informa\u00e7\u00f5es que algumas pessoas foram v\u00edtimas de estelionato na cidade de Sert\u00e2nia\/PE.<\/p>\n\n\n\n<p>Na ocasi\u00e3o, a pessoa de&nbsp;<em><strong>PAMELA SUZYN DE MELO BRAZ,<\/strong><\/em>&nbsp;se passava como funcion\u00e1ria da FERREIRA GUEDES S.A. e CONS\u00d3RCIO FG \u2013 RAMAL DO AGRESTE, e que estaria contratando funcion\u00e1rios para execu\u00e7\u00e3o das obras na cidade de Sert\u00e2nia.<\/p>\n\n\n\n<p>A autuada realizava as negocia\u00e7\u00f5es na cidade de Sert\u00e2nia e pedia que as v\u00edtimas entregassem carteiras de trabalho, curr\u00edculos, CPF, RG, como tamb\u00e9m solicitava alguns exames m\u00e9dicos, al\u00e9m de cobrar valores de R$200,00 R$300,00 R$500,00 R$750,00 R$1000,00 de acordo com o cargo almejado pelas v\u00edtimas.<\/p>\n\n\n\n<p>Ent\u00e3o, a equipe de investiga\u00e7\u00e3o de Pol\u00edcia de Sert\u00e2nia DP 158\u00aa e da Delegacia de Pol\u00edcia Arcoverde DP 156\u00aa souberam que a autuada estava com 19 (dezenove) v\u00edtimas que efetuaram o pagamento e estavam em uma Cl\u00ednica de Imagens na cidade de Arcoverde\/PE realizando exames m\u00e9dicos para admiss\u00e3o no emprego prometido.<\/p>\n\n\n\n<p>Momento em que os policiais da DP 158 e DP 156 foram at\u00e9 a Cl\u00ednica de imagens, e deram voz de pris\u00e3o a&nbsp;<em><strong>PAMELA SUZYN DE MELO BRAZ<\/strong><\/em>, autuada em flagrante delito.<\/p>\n\n\n\n<p>Durante as realiza\u00e7\u00f5es das dilig\u00eancia do Auto de Pris\u00e3o em flagrante, foram encontradas na resid\u00eancia da autuada v\u00e1rias carteiras de trabalho, documentos, dados cadastrais, exames m\u00e9dicos, comprovantes de dep\u00f3sito, de mais de 50 (cinquenta) pessoas.<\/p>\n\n\n\n<p>As v\u00edtimas e a autuada foram encaminhadas para Delegacia de Pol\u00edcia para prestar esclarecimentos.<\/p>\n\n\n\n<p>Logo ap\u00f3s, a autuada foi encaminhada para Audi\u00eancia de Cust\u00f3dia, onde ficar\u00e1 a disposi\u00e7\u00e3o da justi\u00e7a.<\/p>\n\n\n\n<p>A frente da a\u00e7\u00e3o que culminar da pris\u00e3o da acusada estavam os delegados&nbsp;Marcos Virg\u00ednio Souto \u2013 Delegado Seccional de Arcoverde Pedro Henrique de Oliveira Barros \u2013 Delegado titular da DP 158\u00aa Sert\u00e2nia.<\/p>\n","protected":false},"excerpt":{"rendered":"<p>Na manha desta segunda-feira (07\/10\/2019), a Delegacia de Pol\u00edcia de Sert\u00e2nia DP 158\u00aa recebeu informa\u00e7\u00f5es que algumas pessoas foram v\u00edtimas de estelionato na cidade de&hellip; <\/p>\n","protected":false},"author":1,"featured_media":124286,"comment_status":"closed","ping_status":"closed","sticky":false,"template":"","format":"standard","meta":{"sfsi_plus_gutenberg_text_before_share":"","sfsi_plus_gutenberg_show_text_before_share":"","sfsi_plus_gutenberg_icon_type":"","sfsi_plus_gutenberg_icon_alignemt":"","sfsi_plus_gutenburg_max_per_row":"","footnotes":""},"categories":[12],"tags":[],"class_list":["post-124284","post","type-post","status-publish","format-standard","has-post-thumbnail","hentry","category-policia"],"_links":{"self":[{"href":"https:\/\/www.caririemacao.com\/1\/wp-json\/wp\/v2\/posts\/124284","targetHints":{"allow":["GET"]}}],"collection":[{"href":"https:\/\/www.caririemacao.com\/1\/wp-json\/wp\/v2\/posts"}],"about":[{"href":"https:\/\/www.caririemacao.com\/1\/wp-json\/wp\/v2\/types\/post"}],"author":[{"embeddable":true,"href":"https:\/\/www.caririemacao.com\/1\/wp-json\/wp\/v2\/users\/1"}],"replies":[{"embeddable":true,"href":"https:\/\/www.caririemacao.com\/1\/wp-json\/wp\/v2\/comments?post=124284"}],"version-history":[{"count":1,"href":"https:\/\/www.caririemacao.com\/1\/wp-json\/wp\/v2\/posts\/124284\/revisions"}],"predecessor-version":[{"id":124287,"href":"https:\/\/www.caririemacao.com\/1\/wp-json\/wp\/v2\/posts\/124284\/revisions\/124287"}],"wp:featuredmedia":[{"embeddable":true,"href":"https:\/\/www.caririemacao.com\/1\/wp-json\/wp\/v2\/media\/124286"}],"wp:attachment":[{"href":"https:\/\/www.caririemacao.com\/1\/wp-json\/wp\/v2\/media?parent=124284"}],"wp:term":[{"taxonomy":"category","embeddable":true,"href":"https:\/\/www.caririemacao.com\/1\/wp-json\/wp\/v2\/categories?post=124284"},{"taxonomy":"post_tag","embeddable":true,"href":"https:\/\/www.caririemacao.com\/1\/wp-json\/wp\/v2\/tags?post=124284"}],"curies":[{"name":"wp","href":"https:\/\/api.w.org\/{rel}","templated":true}]}}