{"id":124296,"date":"2019-10-08T08:14:48","date_gmt":"2019-10-08T11:14:48","guid":{"rendered":"http:\/\/www.caririemacao.com\/1\/?p=124296"},"modified":"2019-10-08T08:14:48","modified_gmt":"2019-10-08T11:14:48","slug":"mais-medicos-para-o-brasil-publicado-nomes-e-locais-de-trabalho","status":"publish","type":"post","link":"https:\/\/www.caririemacao.com\/1\/2019\/10\/08\/mais-medicos-para-o-brasil-publicado-nomes-e-locais-de-trabalho\/","title":{"rendered":"Mais M\u00e9dicos para o Brasil: publicado nomes e locais de trabalho"},"content":{"rendered":"\n<p>A lista com os nomes e registros de m\u00e9dicos intercambistas do Projeto Mais M\u00e9dicos para o Brasil est\u00e1 publicada na edi\u00e7\u00e3o desta ter\u00e7a-feira (8) do&nbsp;<em>Di\u00e1rio Oficial da Uni\u00e3o<\/em>.<\/p>\n\n\n\n<p>De acordo com a Portaria n\u00ba 28, de 7 de outubro de 2019, da Secretaria de Aten\u00e7\u00e3o Prim\u00e1ria \u00e0 Sa\u00fade, fica concedido registro \u00fanico para o exerc\u00edcio da medicina, no \u00e2mbito do Projeto Mais M\u00e9dicos para o Brasil, aos m\u00e9dicos intercambistas.<\/p>\n\n\n\n<p>A portaria determina tamb\u00e9m a expedi\u00e7\u00e3o das carteiras de identifica\u00e7\u00e3o de todos que atenderam os requisitos legais para as atividades do projeto previstas no projeto. O documento informa ainda o local onde o m\u00e9dico vai trabalhar.<\/p>\n\n\n\n<p>De acordo com o Minist\u00e9rio da Sa\u00fade, o projeto \u00e9 parte do esfor\u00e7o do governo federal, com apoio de estados e munic\u00edpios, para &#8220;a melhoria do atendimento aos usu\u00e1rios do Sistema \u00danico de Sa\u00fade (SUS). Al\u00e9m de levar mais m\u00e9dicos para regi\u00f5es onde h\u00e1 escassez ou aus\u00eancia desses profissionais, o programa prev\u00ea, ainda, mais investimentos para constru\u00e7\u00e3o, reforma e amplia\u00e7\u00e3o de Unidades B\u00e1sicas de Sa\u00fade (UBS), al\u00e9m de novas vagas de gradua\u00e7\u00e3o, e resid\u00eancia m\u00e9dica para qualificar a forma\u00e7\u00e3o desses profissionais&#8221;.<\/p>\n\n\n\n<p>Segundo a pasta, o Mais M\u00e9dicos para o Brasil se soma a um conjunto de a\u00e7\u00f5es e iniciativas do governo objetivando o fortalecimento da Aten\u00e7\u00e3o B\u00e1sica do pa\u00eds.<\/p>\n\n\n\n<p>Acesse&nbsp;<a href=\"http:\/\/www.in.gov.br\/web\/dou\/-\/portaria-n-28-de-7-de-outubro-de-2019-220479768\" target=\"_blank\" rel=\"noreferrer noopener\">aqui a portaria<\/a>&nbsp;com os nomes e locais.<\/p>\n","protected":false},"excerpt":{"rendered":"<p>A lista com os nomes e registros de m\u00e9dicos intercambistas do Projeto Mais M\u00e9dicos para o Brasil est\u00e1 publicada na edi\u00e7\u00e3o desta ter\u00e7a-feira (8) do&nbsp;Di\u00e1rio&hellip; <\/p>\n","protected":false},"author":1,"featured_media":83579,"comment_status":"closed","ping_status":"closed","sticky":false,"template":"","format":"standard","meta":{"sfsi_plus_gutenberg_text_before_share":"","sfsi_plus_gutenberg_show_text_before_share":"","sfsi_plus_gutenberg_icon_type":"","sfsi_plus_gutenberg_icon_alignemt":"","sfsi_plus_gutenburg_max_per_row":"","footnotes":""},"categories":[16],"tags":[],"class_list":["post-124296","post","type-post","status-publish","format-standard","has-post-thumbnail","hentry","category-saude"],"_links":{"self":[{"href":"https:\/\/www.caririemacao.com\/1\/wp-json\/wp\/v2\/posts\/124296","targetHints":{"allow":["GET"]}}],"collection":[{"href":"https:\/\/www.caririemacao.com\/1\/wp-json\/wp\/v2\/posts"}],"about":[{"href":"https:\/\/www.caririemacao.com\/1\/wp-json\/wp\/v2\/types\/post"}],"author":[{"embeddable":true,"href":"https:\/\/www.caririemacao.com\/1\/wp-json\/wp\/v2\/users\/1"}],"replies":[{"embeddable":true,"href":"https:\/\/www.caririemacao.com\/1\/wp-json\/wp\/v2\/comments?post=124296"}],"version-history":[{"count":1,"href":"https:\/\/www.caririemacao.com\/1\/wp-json\/wp\/v2\/posts\/124296\/revisions"}],"predecessor-version":[{"id":124298,"href":"https:\/\/www.caririemacao.com\/1\/wp-json\/wp\/v2\/posts\/124296\/revisions\/124298"}],"wp:featuredmedia":[{"embeddable":true,"href":"https:\/\/www.caririemacao.com\/1\/wp-json\/wp\/v2\/media\/83579"}],"wp:attachment":[{"href":"https:\/\/www.caririemacao.com\/1\/wp-json\/wp\/v2\/media?parent=124296"}],"wp:term":[{"taxonomy":"category","embeddable":true,"href":"https:\/\/www.caririemacao.com\/1\/wp-json\/wp\/v2\/categories?post=124296"},{"taxonomy":"post_tag","embeddable":true,"href":"https:\/\/www.caririemacao.com\/1\/wp-json\/wp\/v2\/tags?post=124296"}],"curies":[{"name":"wp","href":"https:\/\/api.w.org\/{rel}","templated":true}]}}