{"id":124317,"date":"2019-10-08T08:18:49","date_gmt":"2019-10-08T11:18:49","guid":{"rendered":"http:\/\/www.caririemacao.com\/1\/?p=124317"},"modified":"2019-10-08T08:18:49","modified_gmt":"2019-10-08T11:18:49","slug":"protestos-no-iraque-deixam-mais-de-100-mortos","status":"publish","type":"post","link":"https:\/\/www.caririemacao.com\/1\/2019\/10\/08\/protestos-no-iraque-deixam-mais-de-100-mortos\/","title":{"rendered":"Protestos no Iraque deixam mais de 100 mortos"},"content":{"rendered":"\n<p>Autoridades iraquianas informam que passa de 100 o total de mortos em confrontos entre manifestantes antigoverno e for\u00e7as de seguran\u00e7a.<\/p>\n\n\n\n<p>Os protestos tiveram in\u00edcio na capital, Bagd\u00e1, no dia 1\u00ba, contra a alta taxa de desemprego e a precariedade dos servi\u00e7os p\u00fablicos. Em seguida, se espalharam por cidades do sul do pa\u00eds.<\/p>\n\n\n\n<p>Um porta-voz do Minist\u00e9rio do Interior disse a jornalistas que 104&nbsp;pessoas morreram, incluindo oito agentes de seguran\u00e7a. O total de feridos chega a 6.107.<\/p>\n\n\n\n<p>O porta-voz negou que for\u00e7as de seguran\u00e7a dispararam muni\u00e7\u00e3o real contra manifestantes. Segundo ele, havia \u201cm\u00e3os maliciosas\u201d por tr\u00e1s de a\u00e7\u00f5es que tiveram por alvo manifestantes e pessoal de seguran\u00e7a.<\/p>\n\n\n\n<p>No s\u00e1bado, o primeiro-ministro do Iraque, Adel Abdul-Mahdi, anunciou v\u00e1rias medidas para atender \u00e0s reivindica\u00e7\u00f5es dos manifestantes, como o pagamento de aux\u00edlio-desemprego e a oferta de moradias subsidiadas para a popula\u00e7\u00e3o carente. Tamb\u00e9m prometeu se encontrar com os manifestantes e ouvir suas exig\u00eancias.<\/p>\n","protected":false},"excerpt":{"rendered":"<p>Autoridades iraquianas informam que passa de 100 o total de mortos em confrontos entre manifestantes antigoverno e for\u00e7as de seguran\u00e7a. Os protestos tiveram in\u00edcio na&hellip; <\/p>\n","protected":false},"author":1,"featured_media":32648,"comment_status":"closed","ping_status":"closed","sticky":false,"template":"","format":"standard","meta":{"sfsi_plus_gutenberg_text_before_share":"","sfsi_plus_gutenberg_show_text_before_share":"","sfsi_plus_gutenberg_icon_type":"","sfsi_plus_gutenberg_icon_alignemt":"","sfsi_plus_gutenburg_max_per_row":"","footnotes":""},"categories":[2],"tags":[],"class_list":["post-124317","post","type-post","status-publish","format-standard","has-post-thumbnail","hentry","category-geral"],"_links":{"self":[{"href":"https:\/\/www.caririemacao.com\/1\/wp-json\/wp\/v2\/posts\/124317","targetHints":{"allow":["GET"]}}],"collection":[{"href":"https:\/\/www.caririemacao.com\/1\/wp-json\/wp\/v2\/posts"}],"about":[{"href":"https:\/\/www.caririemacao.com\/1\/wp-json\/wp\/v2\/types\/post"}],"author":[{"embeddable":true,"href":"https:\/\/www.caririemacao.com\/1\/wp-json\/wp\/v2\/users\/1"}],"replies":[{"embeddable":true,"href":"https:\/\/www.caririemacao.com\/1\/wp-json\/wp\/v2\/comments?post=124317"}],"version-history":[{"count":1,"href":"https:\/\/www.caririemacao.com\/1\/wp-json\/wp\/v2\/posts\/124317\/revisions"}],"predecessor-version":[{"id":124319,"href":"https:\/\/www.caririemacao.com\/1\/wp-json\/wp\/v2\/posts\/124317\/revisions\/124319"}],"wp:featuredmedia":[{"embeddable":true,"href":"https:\/\/www.caririemacao.com\/1\/wp-json\/wp\/v2\/media\/32648"}],"wp:attachment":[{"href":"https:\/\/www.caririemacao.com\/1\/wp-json\/wp\/v2\/media?parent=124317"}],"wp:term":[{"taxonomy":"category","embeddable":true,"href":"https:\/\/www.caririemacao.com\/1\/wp-json\/wp\/v2\/categories?post=124317"},{"taxonomy":"post_tag","embeddable":true,"href":"https:\/\/www.caririemacao.com\/1\/wp-json\/wp\/v2\/tags?post=124317"}],"curies":[{"name":"wp","href":"https:\/\/api.w.org\/{rel}","templated":true}]}}