{"id":124326,"date":"2019-10-08T08:29:10","date_gmt":"2019-10-08T11:29:10","guid":{"rendered":"http:\/\/www.caririemacao.com\/1\/?p=124326"},"modified":"2019-10-08T08:29:10","modified_gmt":"2019-10-08T11:29:10","slug":"astronautas-da-nasa-concluem-caminhada-espacial-de-7-horas","status":"publish","type":"post","link":"https:\/\/www.caririemacao.com\/1\/2019\/10\/08\/astronautas-da-nasa-concluem-caminhada-espacial-de-7-horas\/","title":{"rendered":"Astronautas da Nasa concluem caminhada espacial de 7 horas"},"content":{"rendered":"\n<p>Dois astronautas dos Estados Unidos ( EUA) completaram uma caminhada na Esta\u00e7\u00e3o Espacial Internacional no domingo (6), a primeira de uma s\u00e9rie de cinco caminhadas espaciais programadas para outubro, com o objetivo de substituir as baterias no extremo oposto da treli\u00e7a portu\u00e1ria da esta\u00e7\u00e3o.<\/p>\n\n\n\n<p>Os astronautas Christina Koch e Andrew Morgan terminaram a caminhada \u00e0s 14h40 (hor\u00e1rio da costa leste dos EUA), com dura\u00e7\u00e3o de sete horas e um minuto, de acordo com a ag\u00eancia espacial norte-americana (Nasa).<\/p>\n\n\n\n<p>Eles instalaram novas baterias de \u00edons de l\u00edtio para atualizar os sistemas de energia da esta\u00e7\u00e3o. As baterias de n\u00edquel-hidrog\u00eanio est\u00e3o sendo melhoradas com produtos mais potentes, transportadas para a esta\u00e7\u00e3o por meio do ve\u00edculo de transfer\u00eancia japon\u00eas H-II, que chegou no dia 28 de setembro.<\/p>\n\n\n\n<p>Al\u00e9m disso, os dois astronautas cumpriram tarefas como a remo\u00e7\u00e3o de uma bateria de n\u00edquel-hidrog\u00eanio adicional. A pr\u00f3xima caminhada espacial est\u00e1 prevista para o pr\u00f3ximo dia 11.<\/p>\n\n\n\n<p>As baterias armazenam energia gerada pelos pain\u00e9is solares da esta\u00e7\u00e3o para fornecer energia \u00e0 esta\u00e7\u00e3o quando ela n\u00e3o est\u00e1 sob a luz do sol, pois orbita a Terra durante a noite.<\/p>\n\n\n\n<p>Os astronautas a bordo da Esta\u00e7\u00e3o Espacial Internacional pretendem coordenar mais nove caminhadas espaciais complexas nos pr\u00f3ximos tr\u00eas meses, uma regularidade recorde desde que a montagem da esta\u00e7\u00e3o foi conclu\u00edda em 2011, informou a Nasa.<\/p>\n\n\n\n<p>Os tripulantes da esta\u00e7\u00e3o coordenaram este ano caminhadas espaciais em apoio \u00e0 montagem e manuten\u00e7\u00e3o do laborat\u00f3rio em \u00f3rbita, passando um total de 57 dias, seis horas e 27 minutos trabalhando do lado de fora da esta\u00e7\u00e3o.<\/p>\n","protected":false},"excerpt":{"rendered":"<p>Dois astronautas dos Estados Unidos ( EUA) completaram uma caminhada na Esta\u00e7\u00e3o Espacial Internacional no domingo (6), a primeira de uma s\u00e9rie de cinco caminhadas&hellip; <\/p>\n","protected":false},"author":1,"featured_media":114236,"comment_status":"closed","ping_status":"closed","sticky":false,"template":"","format":"standard","meta":{"sfsi_plus_gutenberg_text_before_share":"","sfsi_plus_gutenberg_show_text_before_share":"","sfsi_plus_gutenberg_icon_type":"","sfsi_plus_gutenberg_icon_alignemt":"","sfsi_plus_gutenburg_max_per_row":"","footnotes":""},"categories":[2],"tags":[],"class_list":["post-124326","post","type-post","status-publish","format-standard","has-post-thumbnail","hentry","category-geral"],"_links":{"self":[{"href":"https:\/\/www.caririemacao.com\/1\/wp-json\/wp\/v2\/posts\/124326","targetHints":{"allow":["GET"]}}],"collection":[{"href":"https:\/\/www.caririemacao.com\/1\/wp-json\/wp\/v2\/posts"}],"about":[{"href":"https:\/\/www.caririemacao.com\/1\/wp-json\/wp\/v2\/types\/post"}],"author":[{"embeddable":true,"href":"https:\/\/www.caririemacao.com\/1\/wp-json\/wp\/v2\/users\/1"}],"replies":[{"embeddable":true,"href":"https:\/\/www.caririemacao.com\/1\/wp-json\/wp\/v2\/comments?post=124326"}],"version-history":[{"count":1,"href":"https:\/\/www.caririemacao.com\/1\/wp-json\/wp\/v2\/posts\/124326\/revisions"}],"predecessor-version":[{"id":124328,"href":"https:\/\/www.caririemacao.com\/1\/wp-json\/wp\/v2\/posts\/124326\/revisions\/124328"}],"wp:featuredmedia":[{"embeddable":true,"href":"https:\/\/www.caririemacao.com\/1\/wp-json\/wp\/v2\/media\/114236"}],"wp:attachment":[{"href":"https:\/\/www.caririemacao.com\/1\/wp-json\/wp\/v2\/media?parent=124326"}],"wp:term":[{"taxonomy":"category","embeddable":true,"href":"https:\/\/www.caririemacao.com\/1\/wp-json\/wp\/v2\/categories?post=124326"},{"taxonomy":"post_tag","embeddable":true,"href":"https:\/\/www.caririemacao.com\/1\/wp-json\/wp\/v2\/tags?post=124326"}],"curies":[{"name":"wp","href":"https:\/\/api.w.org\/{rel}","templated":true}]}}