{"id":124370,"date":"2019-10-08T09:11:15","date_gmt":"2019-10-08T12:11:15","guid":{"rendered":"http:\/\/www.caririemacao.com\/1\/?p=124370"},"modified":"2019-10-08T09:11:15","modified_gmt":"2019-10-08T12:11:15","slug":"joao-azevedo-celebra-um-ano-de-eleito-na-paraiba","status":"publish","type":"post","link":"https:\/\/www.caririemacao.com\/1\/2019\/10\/08\/joao-azevedo-celebra-um-ano-de-eleito-na-paraiba\/","title":{"rendered":"Jo\u00e3o Azev\u00eado celebra um ano de eleito na Para\u00edba"},"content":{"rendered":"\n<p>O governador da Para\u00edba, Jo\u00e3o Azev\u00eado, comemorou nesta segunda-feira (7), um&nbsp;ano da vit\u00f3ria nas elei\u00e7\u00f5es de 2018.&nbsp;<\/p>\n\n\n\n<p>Em&nbsp;<a href=\"https:\/\/twitter.com\/joaoazevedolins\/status\/1181318935007973376\">publica\u00e7\u00e3o no Twitter<\/a>, Azev\u00eado agradeceu aos eleitores.<\/p>\n\n\n\n<p>&#8220;Hoje estamos comemorando 1 ano de uma grande vit\u00f3ria. Um ano onde 1.119.758 paraibanos foram \u00e0s urnas e disseram sim para que esse projeto continuasse avan\u00e7ando e trazendo benef\u00edcios para a popula\u00e7\u00e3o.&#8221;<\/p>\n\n\n\n<p>&#8220;Hoje \u00e9 dia de renovar nossa gratid\u00e3o&nbsp; e reafirmar o nosso compromisso de continuar trabalhando para trazer mais qualidade de vida para todos, para fazer uma Para\u00edba cada vez mais respeitada.&nbsp; #SegueOTrabalho&#8221;, concluiu.<\/p>\n","protected":false},"excerpt":{"rendered":"<p>O governador da Para\u00edba, Jo\u00e3o Azev\u00eado, comemorou nesta segunda-feira (7), um&nbsp;ano da vit\u00f3ria nas elei\u00e7\u00f5es de 2018.&nbsp; Em&nbsp;publica\u00e7\u00e3o no Twitter, Azev\u00eado agradeceu aos eleitores. &#8220;Hoje&hellip; <\/p>\n","protected":false},"author":1,"featured_media":124197,"comment_status":"closed","ping_status":"closed","sticky":false,"template":"","format":"standard","meta":{"sfsi_plus_gutenberg_text_before_share":"","sfsi_plus_gutenberg_show_text_before_share":"","sfsi_plus_gutenberg_icon_type":"","sfsi_plus_gutenberg_icon_alignemt":"","sfsi_plus_gutenburg_max_per_row":"","footnotes":""},"categories":[11],"tags":[],"class_list":["post-124370","post","type-post","status-publish","format-standard","has-post-thumbnail","hentry","category-politica"],"_links":{"self":[{"href":"https:\/\/www.caririemacao.com\/1\/wp-json\/wp\/v2\/posts\/124370","targetHints":{"allow":["GET"]}}],"collection":[{"href":"https:\/\/www.caririemacao.com\/1\/wp-json\/wp\/v2\/posts"}],"about":[{"href":"https:\/\/www.caririemacao.com\/1\/wp-json\/wp\/v2\/types\/post"}],"author":[{"embeddable":true,"href":"https:\/\/www.caririemacao.com\/1\/wp-json\/wp\/v2\/users\/1"}],"replies":[{"embeddable":true,"href":"https:\/\/www.caririemacao.com\/1\/wp-json\/wp\/v2\/comments?post=124370"}],"version-history":[{"count":1,"href":"https:\/\/www.caririemacao.com\/1\/wp-json\/wp\/v2\/posts\/124370\/revisions"}],"predecessor-version":[{"id":124372,"href":"https:\/\/www.caririemacao.com\/1\/wp-json\/wp\/v2\/posts\/124370\/revisions\/124372"}],"wp:featuredmedia":[{"embeddable":true,"href":"https:\/\/www.caririemacao.com\/1\/wp-json\/wp\/v2\/media\/124197"}],"wp:attachment":[{"href":"https:\/\/www.caririemacao.com\/1\/wp-json\/wp\/v2\/media?parent=124370"}],"wp:term":[{"taxonomy":"category","embeddable":true,"href":"https:\/\/www.caririemacao.com\/1\/wp-json\/wp\/v2\/categories?post=124370"},{"taxonomy":"post_tag","embeddable":true,"href":"https:\/\/www.caririemacao.com\/1\/wp-json\/wp\/v2\/tags?post=124370"}],"curies":[{"name":"wp","href":"https:\/\/api.w.org\/{rel}","templated":true}]}}