{"id":124379,"date":"2019-10-08T09:13:27","date_gmt":"2019-10-08T12:13:27","guid":{"rendered":"http:\/\/www.caririemacao.com\/1\/?p=124379"},"modified":"2019-10-08T09:13:27","modified_gmt":"2019-10-08T12:13:27","slug":"presidente-da-cagepa-confirma-recuperacao-da-adutora-do-congo-e-da-prazo-para-melhorar-abastecimento-no-cariri","status":"publish","type":"post","link":"https:\/\/www.caririemacao.com\/1\/2019\/10\/08\/presidente-da-cagepa-confirma-recuperacao-da-adutora-do-congo-e-da-prazo-para-melhorar-abastecimento-no-cariri\/","title":{"rendered":"Presidente da CAGEPA confirma recupera\u00e7\u00e3o da Adutora do Congo e d\u00e1 prazo para melhorar abastecimento no Cariri"},"content":{"rendered":"\n<p>O presidente estadual da CAGEPA, Marcus Vin\u00edcius, confirmou em entrevista ao jornalista Klebson Wanderley que vai substituir um trecho cr\u00edtico da tubula\u00e7\u00e3o da Adutora do Congo at\u00e9 o final deste ano de 2019. Segundo ele, o trecho est\u00e1 compreendido entre o distrito de Santa Luzia do Cariri e Sum\u00e9 e tem uma extens\u00e3o de 1,3 km.<\/p>\n\n\n\n<p>Segundo o presidente do \u00f3rg\u00e3o, as melhorias na adutora se fazem necess\u00e1rias para impedir os constantes vazamentos que ocorrem na tubula\u00e7\u00e3o prejudicando sobremaneira o abastecimento de cidades como Serra Branca, S\u00e3o Jo\u00e3o do Cariri, Parari e Santo Andr\u00e9.<\/p>\n\n\n\n<p>O presidente da Companhia de \u00c1gua e Esgotos da Para\u00edba ainda disse que ap\u00f3s an\u00e1lises t\u00e9cnicas, a empresa vai construir uma quinta entrada de \u00e1gua no sistema de distribui\u00e7\u00e3o de \u00e1gua de Serra Branca, garantindo assim o abastecimento para bairros mais altos da cidade. \u201cCom essa sub adutora dentro de Serra Branca, vamos n\u00e3o apenas garantir o abastecimento de localidades altas, como evitar as manobras de \u00e1gua dentro do centro da cidade, deixando a cidade com melhor distribui\u00e7\u00e3o de \u00e1gua\u201d, afirmou.<\/p>\n\n\n\n<p>Marcus Vin\u00edcius disse que essa obra tamb\u00e9m iniciar\u00e1 de forma imediata e dever\u00e1 est\u00e1 conclu\u00edda at\u00e9 o final do ano.<\/p>\n","protected":false},"excerpt":{"rendered":"<p>O presidente estadual da CAGEPA, Marcus Vin\u00edcius, confirmou em entrevista ao jornalista Klebson Wanderley que vai substituir um trecho cr\u00edtico da tubula\u00e7\u00e3o da Adutora do&hellip; <\/p>\n","protected":false},"author":1,"featured_media":124382,"comment_status":"closed","ping_status":"closed","sticky":false,"template":"","format":"standard","meta":{"sfsi_plus_gutenberg_text_before_share":"","sfsi_plus_gutenberg_show_text_before_share":"","sfsi_plus_gutenberg_icon_type":"","sfsi_plus_gutenberg_icon_alignemt":"","sfsi_plus_gutenburg_max_per_row":"","footnotes":""},"categories":[2],"tags":[],"class_list":["post-124379","post","type-post","status-publish","format-standard","has-post-thumbnail","hentry","category-geral"],"_links":{"self":[{"href":"https:\/\/www.caririemacao.com\/1\/wp-json\/wp\/v2\/posts\/124379","targetHints":{"allow":["GET"]}}],"collection":[{"href":"https:\/\/www.caririemacao.com\/1\/wp-json\/wp\/v2\/posts"}],"about":[{"href":"https:\/\/www.caririemacao.com\/1\/wp-json\/wp\/v2\/types\/post"}],"author":[{"embeddable":true,"href":"https:\/\/www.caririemacao.com\/1\/wp-json\/wp\/v2\/users\/1"}],"replies":[{"embeddable":true,"href":"https:\/\/www.caririemacao.com\/1\/wp-json\/wp\/v2\/comments?post=124379"}],"version-history":[{"count":1,"href":"https:\/\/www.caririemacao.com\/1\/wp-json\/wp\/v2\/posts\/124379\/revisions"}],"predecessor-version":[{"id":124383,"href":"https:\/\/www.caririemacao.com\/1\/wp-json\/wp\/v2\/posts\/124379\/revisions\/124383"}],"wp:featuredmedia":[{"embeddable":true,"href":"https:\/\/www.caririemacao.com\/1\/wp-json\/wp\/v2\/media\/124382"}],"wp:attachment":[{"href":"https:\/\/www.caririemacao.com\/1\/wp-json\/wp\/v2\/media?parent=124379"}],"wp:term":[{"taxonomy":"category","embeddable":true,"href":"https:\/\/www.caririemacao.com\/1\/wp-json\/wp\/v2\/categories?post=124379"},{"taxonomy":"post_tag","embeddable":true,"href":"https:\/\/www.caririemacao.com\/1\/wp-json\/wp\/v2\/tags?post=124379"}],"curies":[{"name":"wp","href":"https:\/\/api.w.org\/{rel}","templated":true}]}}