{"id":124405,"date":"2019-10-08T09:29:43","date_gmt":"2019-10-08T12:29:43","guid":{"rendered":"http:\/\/www.caririemacao.com\/1\/?p=124405"},"modified":"2019-10-08T09:29:43","modified_gmt":"2019-10-08T12:29:43","slug":"bolsonaro-destaca-em-suas-redes-sociais-operacao-da-policia-federal-na-paraiba","status":"publish","type":"post","link":"https:\/\/www.caririemacao.com\/1\/2019\/10\/08\/bolsonaro-destaca-em-suas-redes-sociais-operacao-da-policia-federal-na-paraiba\/","title":{"rendered":"Bolsonaro destaca em suas redes sociais opera\u00e7\u00e3o da Pol\u00edcia Federal na Para\u00edba"},"content":{"rendered":"\n<p>O presidente Jair Bolsonaro destacou na manh\u00e3 desta ter\u00e7a-feira (8), a a\u00e7\u00e3o da Pol\u00edcia Federal na Opera\u00e7\u00e3o Xeque-Mate, na Para\u00edba. Como ClickPB antecipou na manh\u00e3 de hoje,&nbsp;<a href=\"https:\/\/www.clickpb.com.br\/Policial\/policia-federal-deflagra-operacao-na-manha-desta-terca-feira-na-paraiba-269352.html\">5\u00aa fase da opera\u00e7\u00e3o foi deflagrada nesta manh\u00e3<\/a>, nas cidades de Jo\u00e3o Pessoa e Cabedelo.&nbsp;<\/p>\n\n\n\n<figure class=\"wp-block-image\"><img decoding=\"async\" data-src=\"https:\/\/www.clickpb.com.br\/media\/filer_public\/bb\/6f\/bb6fb6b0-c384-4156-b57a-26ff094e7691\/whatsapp_image_2019-10-08_at_091013.jpeg\" alt=\"\" src=\"data:image\/svg+xml;base64,PHN2ZyB3aWR0aD0iMSIgaGVpZ2h0PSIxIiB4bWxucz0iaHR0cDovL3d3dy53My5vcmcvMjAwMC9zdmciPjwvc3ZnPg==\" class=\"lazyload\" \/><\/figure>\n\n\n\n<p>A Opera\u00e7\u00e3o tem como objetivo investigar suspeitos de fraudes ligados \u00e0 aquisi\u00e7\u00e3o de medicamentos pela Prefeitura de Cabedelo.&nbsp;<\/p>\n\n\n\n<figure class=\"wp-block-image\"><img decoding=\"async\" data-src=\"https:\/\/www.clickpb.com.br\/media\/filer_public\/af\/8d\/af8dd239-cb56-4446-90f5-ea961ef26a28\/whatsapp_image_2019-10-08_at_090836.jpeg\" alt=\"\" src=\"data:image\/svg+xml;base64,PHN2ZyB3aWR0aD0iMSIgaGVpZ2h0PSIxIiB4bWxucz0iaHR0cDovL3d3dy53My5vcmcvMjAwMC9zdmciPjwvc3ZnPg==\" class=\"lazyload\" \/><\/figure>\n\n\n\n<p>A opera\u00e7\u00e3o cumpriu oito mandados de busca e apreens\u00e3o na casa de investigados e nas empresas contratadas pela Prefeitura de Cabedelo, para fornecimento dos&nbsp;medicamentos.<\/p>\n\n\n\n<p>Um dos locais dos mandados&nbsp;<a href=\"https:\/\/www.clickpb.com.br\/Policial\/pf-faz-buscas-em-enderecos-de-ex-deputado-andre-amaral-e-seu-pai-269357.html\">foi a resid\u00eancia do ex-deputado federal Andr\u00e9 Amaral<\/a>, no Condom\u00ednio Mozart, no bairro do Miramar.&nbsp;<\/p>\n","protected":false},"excerpt":{"rendered":"<p>O presidente Jair Bolsonaro destacou na manh\u00e3 desta ter\u00e7a-feira (8), a a\u00e7\u00e3o da Pol\u00edcia Federal na Opera\u00e7\u00e3o Xeque-Mate, na Para\u00edba. Como ClickPB antecipou na manh\u00e3&hellip; <\/p>\n","protected":false},"author":1,"featured_media":124188,"comment_status":"closed","ping_status":"closed","sticky":false,"template":"","format":"standard","meta":{"sfsi_plus_gutenberg_text_before_share":"","sfsi_plus_gutenberg_show_text_before_share":"","sfsi_plus_gutenberg_icon_type":"","sfsi_plus_gutenberg_icon_alignemt":"","sfsi_plus_gutenburg_max_per_row":"","footnotes":""},"categories":[11],"tags":[],"class_list":["post-124405","post","type-post","status-publish","format-standard","has-post-thumbnail","hentry","category-politica"],"_links":{"self":[{"href":"https:\/\/www.caririemacao.com\/1\/wp-json\/wp\/v2\/posts\/124405","targetHints":{"allow":["GET"]}}],"collection":[{"href":"https:\/\/www.caririemacao.com\/1\/wp-json\/wp\/v2\/posts"}],"about":[{"href":"https:\/\/www.caririemacao.com\/1\/wp-json\/wp\/v2\/types\/post"}],"author":[{"embeddable":true,"href":"https:\/\/www.caririemacao.com\/1\/wp-json\/wp\/v2\/users\/1"}],"replies":[{"embeddable":true,"href":"https:\/\/www.caririemacao.com\/1\/wp-json\/wp\/v2\/comments?post=124405"}],"version-history":[{"count":1,"href":"https:\/\/www.caririemacao.com\/1\/wp-json\/wp\/v2\/posts\/124405\/revisions"}],"predecessor-version":[{"id":124407,"href":"https:\/\/www.caririemacao.com\/1\/wp-json\/wp\/v2\/posts\/124405\/revisions\/124407"}],"wp:featuredmedia":[{"embeddable":true,"href":"https:\/\/www.caririemacao.com\/1\/wp-json\/wp\/v2\/media\/124188"}],"wp:attachment":[{"href":"https:\/\/www.caririemacao.com\/1\/wp-json\/wp\/v2\/media?parent=124405"}],"wp:term":[{"taxonomy":"category","embeddable":true,"href":"https:\/\/www.caririemacao.com\/1\/wp-json\/wp\/v2\/categories?post=124405"},{"taxonomy":"post_tag","embeddable":true,"href":"https:\/\/www.caririemacao.com\/1\/wp-json\/wp\/v2\/tags?post=124405"}],"curies":[{"name":"wp","href":"https:\/\/api.w.org\/{rel}","templated":true}]}}